{"id":16960,"date":"2025-09-16T13:57:20","date_gmt":"2025-09-16T11:57:20","guid":{"rendered":"https:\/\/elcafedepipa.com\/?p=16960"},"modified":"2025-09-16T13:57:42","modified_gmt":"2025-09-16T11:57:42","slug":"el-personal-laboral-de-les-coves-es-desmarca-de-les-afirmacions-fetes-pel-sindicat-cgt","status":"publish","type":"post","link":"https:\/\/elcafedepipa.com\/index.php\/2025\/09\/16\/el-personal-laboral-de-les-coves-es-desmarca-de-les-afirmacions-fetes-pel-sindicat-cgt\/","title":{"rendered":"El personal laboral de les Coves es desmarca de les afirmacions fetes pel sindicat CGT."},"content":{"rendered":"\n<p>El personal laboral signant de les Coves de Sant Josep ha manifestat el seu \u201ctotal desacord\u201d amb un article publicat en el mitj\u00e0 <em>&#8220;elperlodic.com<\/em>&#8221; el passat 12 de setembre de 2025, sense signatura, i ha volgut desmentir \u201crotundament\u201d la informaci\u00f3 recollida.<\/p>\n\n\n\n<p>En un comunicat, la plantilla assenyala que \u201cno podem permetre que publicacions com aquesta posen en perill el nostre treball i falten a la veritat sobre les condicions laborals de les quals gaudim\u201d.<\/p>\n\n\n\n<p>Entre les principals puntualitzacions realitzades, destaquen:<\/p>\n\n\n\n<ol class=\"wp-block-list\">\n<li>El sindicat CGT, denunciat en la not\u00edcia, \u201cno t\u00e9 representaci\u00f3 en el nostre comit\u00e8 d\u2019empresa i no ens representa\u201d.<\/li>\n\n\n\n<li>L\u2019article \u201caporta informaci\u00f3 sense contrastar, falta a la veritat i intenta falsejar dades amb fins interessats d\u2019uns pocs, utilitzant titulars sensacionalistes que sols pretenen causar dany\u201d.<\/li>\n\n\n\n<li>Consideren que aquestes informacions \u201cposen en perill el sustent de moltes fam\u00edlies i danyen la imatge de la ciutat\u201d, per la qual cosa es veuen \u201cen l\u2019obligaci\u00f3 de defensar el treball\u201d.<\/li>\n\n\n\n<li>Asseguren que en les Coves de Sant Josep es realitzen \u201cmesuraments de gas rad\u00f3 en temps real i per sales diferenciades\u201d, i que cada treballador disposa d\u2019un mesurador personal. Afirmen a m\u00e9s que reben \u201cassessorament i formaci\u00f3 d\u2019experts catedr\u00e0tics en rad\u00f3\u201d.<\/li>\n\n\n\n<li>Demanen que \u201ces tracte amb responsabilitat la salut f\u00edsica i mental del personal\u201d i rebutgen les acusacions de \u201csituaci\u00f3 cr\u00edtica\u201d, que consideren que nom\u00e9s poden ser valorades pels serveis m\u00e8dics.<\/li>\n\n\n\n<li>Defensen que les condicions de treball \u201chan evolucionat i s\u2019han anat adaptant a les noves situacions i necessitats, buscant sempre un punt en com\u00fa i negociant des del respecte a trav\u00e9s de la representaci\u00f3 sindical\u201d.<\/li>\n\n\n\n<li>Finalment, insisteixen que \u201cno volem ser utilitzats com a arma pol\u00edtica ni per a fins particulars\u201d.<\/li>\n<\/ol>\n\n\n\n<p>Amb aquest comunicat, el personal laboral de les Coves de Sant Josep vol deixar const\u00e0ncia del seu rebuig a l\u2019article publicat i reafirmar la seua confian\u00e7a en les condicions laborals actuals.<\/p>\n\n\n\n<p><\/p>\n","protected":false},"excerpt":{"rendered":"<p>El personal laboral signant de les Coves de Sant Josep ha manifestat el seu \u201ctotal desacord\u201d amb un article publicat en el mitj\u00e0 &#8220;elperlodic.com&#8221; el passat 12 de setembre de 2025, sense signatura, i ha volgut desmentir \u201crotundament\u201d la informaci\u00f3 recollida. En un comunicat, la plantilla assenyala que \u201cno podem permetre que publicacions com aquesta &#8230; <a title=\"El personal laboral de les Coves es desmarca de les afirmacions fetes pel sindicat CGT.\" class=\"read-more\" href=\"https:\/\/elcafedepipa.com\/index.php\/2025\/09\/16\/el-personal-laboral-de-les-coves-es-desmarca-de-les-afirmacions-fetes-pel-sindicat-cgt\/\" aria-label=\"M\u00e9s informaci\u00f3 sobre El personal laboral de les Coves es desmarca de les afirmacions fetes pel sindicat CGT.\">Read more<\/a><\/p>\n","protected":false},"author":2,"featured_media":16961,"comment_status":"closed","ping_status":"closed","sticky":false,"template":"","format":"standard","meta":{"om_disable_all_campaigns":false,"_monsterinsights_skip_tracking":false,"_monsterinsights_sitenote_active":false,"_monsterinsights_sitenote_note":"","_monsterinsights_sitenote_category":0,"_uf_show_specific_survey":0,"_uf_disable_surveys":false,"footnotes":""},"categories":[2],"tags":[],"class_list":["post-16960","post","type-post","status-publish","format-standard","has-post-thumbnail","hentry","category-lavallduixo"],"_links":{"self":[{"href":"https:\/\/elcafedepipa.com\/index.php\/wp-json\/wp\/v2\/posts\/16960","targetHints":{"allow":["GET"]}}],"collection":[{"href":"https:\/\/elcafedepipa.com\/index.php\/wp-json\/wp\/v2\/posts"}],"about":[{"href":"https:\/\/elcafedepipa.com\/index.php\/wp-json\/wp\/v2\/types\/post"}],"author":[{"embeddable":true,"href":"https:\/\/elcafedepipa.com\/index.php\/wp-json\/wp\/v2\/users\/2"}],"replies":[{"embeddable":true,"href":"https:\/\/elcafedepipa.com\/index.php\/wp-json\/wp\/v2\/comments?post=16960"}],"version-history":[{"count":2,"href":"https:\/\/elcafedepipa.com\/index.php\/wp-json\/wp\/v2\/posts\/16960\/revisions"}],"predecessor-version":[{"id":16963,"href":"https:\/\/elcafedepipa.com\/index.php\/wp-json\/wp\/v2\/posts\/16960\/revisions\/16963"}],"wp:featuredmedia":[{"embeddable":true,"href":"https:\/\/elcafedepipa.com\/index.php\/wp-json\/wp\/v2\/media\/16961"}],"wp:attachment":[{"href":"https:\/\/elcafedepipa.com\/index.php\/wp-json\/wp\/v2\/media?parent=16960"}],"wp:term":[{"taxonomy":"category","embeddable":true,"href":"https:\/\/elcafedepipa.com\/index.php\/wp-json\/wp\/v2\/categories?post=16960"},{"taxonomy":"post_tag","embeddable":true,"href":"https:\/\/elcafedepipa.com\/index.php\/wp-json\/wp\/v2\/tags?post=16960"}],"curies":[{"name":"wp","href":"https:\/\/api.w.org\/{rel}","templated":true}]}}