{"id":16953,"date":"2025-09-16T13:28:55","date_gmt":"2025-09-16T11:28:55","guid":{"rendered":"https:\/\/elcafedepipa.com\/?p=16953"},"modified":"2025-09-16T13:28:55","modified_gmt":"2025-09-16T11:28:55","slug":"prop-de-mil-persones-participen-en-les-visites-guiades-gratuites-impulsades-per-lajuntament-dalmenara-durant-lestiu","status":"publish","type":"post","link":"https:\/\/elcafedepipa.com\/index.php\/2025\/09\/16\/prop-de-mil-persones-participen-en-les-visites-guiades-gratuites-impulsades-per-lajuntament-dalmenara-durant-lestiu\/","title":{"rendered":"Prop de mil persones participen en les visites guiades gratu\u00eftes impulsades per l\u2019Ajuntament d\u2019Almenara durant l\u2019estiu"},"content":{"rendered":"\n<p>Prop d&#8217;un miler de persones han participat aquest estiu, entre els mesos de juny i agost, en les visites guiades gratu\u00eftes organitzades per l&#8217;Ajuntament d&#8217;Almenara. Les activitats s&#8217;han desenvolupat en espais de gran valor hist\u00f2ric, cultural i natural com l&#8217;Aula de la Natura\u2013Paratge dels Estanys, el Museo del Mol\u00ed &nbsp;d\u2019Arr\u00f2s, el Conjunt Memorial de Darrere del Castell\u2013L\u00ednia XYZ i la Torre Bivalcadim\u2013Castell d\u2019Almenara.<\/p>\n\n\n\n<p>Quant a la proced\u00e8ncia, predominen els visitants de la Comunitat Valenciana, encara que tamb\u00e9 s&#8217;ha registrat una notable aflu\u00e8ncia de persones procedents del Pa\u00eds Basc, Madrid, Barcelona, Tarragona, Saragossa, M\u00farcia i Navarra. A nivell internacional, destaquen els turistes arribats de Fran\u00e7a i Alemanya.<\/p>\n\n\n\n<p>D&#8217;altra banda, l&#8217;Oficina de Turisme de la Platja Casablanca ha at\u00e9s al llarg de l&#8217;estiu a m\u00e9s de 200 persones, principalment de la Comunitat Valenciana, seguides per visitants de Madrid. Entre els turistes estrangers, la majoria procedia de Fran\u00e7a.<\/p>\n","protected":false},"excerpt":{"rendered":"<p>Prop d&#8217;un miler de persones han participat aquest estiu, entre els mesos de juny i agost, en les visites guiades gratu\u00eftes organitzades per l&#8217;Ajuntament d&#8217;Almenara. Les activitats s&#8217;han desenvolupat en espais de gran valor hist\u00f2ric, cultural i natural com l&#8217;Aula de la Natura\u2013Paratge dels Estanys, el Museo del Mol\u00ed &nbsp;d\u2019Arr\u00f2s, el Conjunt Memorial de Darrere &#8230; <a title=\"Prop de mil persones participen en les visites guiades gratu\u00eftes impulsades per l\u2019Ajuntament d\u2019Almenara durant l\u2019estiu\" class=\"read-more\" href=\"https:\/\/elcafedepipa.com\/index.php\/2025\/09\/16\/prop-de-mil-persones-participen-en-les-visites-guiades-gratuites-impulsades-per-lajuntament-dalmenara-durant-lestiu\/\" aria-label=\"M\u00e9s informaci\u00f3 sobre Prop de mil persones participen en les visites guiades gratu\u00eftes impulsades per l\u2019Ajuntament d\u2019Almenara durant l\u2019estiu\">Read more<\/a><\/p>\n","protected":false},"author":2,"featured_media":16954,"comment_status":"closed","ping_status":"closed","sticky":false,"template":"","format":"standard","meta":{"om_disable_all_campaigns":false,"_monsterinsights_skip_tracking":false,"_monsterinsights_sitenote_active":false,"_monsterinsights_sitenote_note":"","_monsterinsights_sitenote_category":0,"_uf_show_specific_survey":0,"_uf_disable_surveys":false,"footnotes":""},"categories":[5],"tags":[],"class_list":["post-16953","post","type-post","status-publish","format-standard","has-post-thumbnail","hentry","category-almenara"],"_links":{"self":[{"href":"https:\/\/elcafedepipa.com\/index.php\/wp-json\/wp\/v2\/posts\/16953","targetHints":{"allow":["GET"]}}],"collection":[{"href":"https:\/\/elcafedepipa.com\/index.php\/wp-json\/wp\/v2\/posts"}],"about":[{"href":"https:\/\/elcafedepipa.com\/index.php\/wp-json\/wp\/v2\/types\/post"}],"author":[{"embeddable":true,"href":"https:\/\/elcafedepipa.com\/index.php\/wp-json\/wp\/v2\/users\/2"}],"replies":[{"embeddable":true,"href":"https:\/\/elcafedepipa.com\/index.php\/wp-json\/wp\/v2\/comments?post=16953"}],"version-history":[{"count":1,"href":"https:\/\/elcafedepipa.com\/index.php\/wp-json\/wp\/v2\/posts\/16953\/revisions"}],"predecessor-version":[{"id":16955,"href":"https:\/\/elcafedepipa.com\/index.php\/wp-json\/wp\/v2\/posts\/16953\/revisions\/16955"}],"wp:featuredmedia":[{"embeddable":true,"href":"https:\/\/elcafedepipa.com\/index.php\/wp-json\/wp\/v2\/media\/16954"}],"wp:attachment":[{"href":"https:\/\/elcafedepipa.com\/index.php\/wp-json\/wp\/v2\/media?parent=16953"}],"wp:term":[{"taxonomy":"category","embeddable":true,"href":"https:\/\/elcafedepipa.com\/index.php\/wp-json\/wp\/v2\/categories?post=16953"},{"taxonomy":"post_tag","embeddable":true,"href":"https:\/\/elcafedepipa.com\/index.php\/wp-json\/wp\/v2\/tags?post=16953"}],"curies":[{"name":"wp","href":"https:\/\/api.w.org\/{rel}","templated":true}]}}