{"id":16940,"date":"2025-09-16T12:00:21","date_gmt":"2025-09-16T10:00:21","guid":{"rendered":"https:\/\/elcafedepipa.com\/?p=16940"},"modified":"2025-09-16T12:00:22","modified_gmt":"2025-09-16T10:00:22","slug":"el-pp-de-la-vall-reclama-a-tania-banos-mesures-urgents-per-a-protegir-els-treballadors-de-les-coves","status":"publish","type":"post","link":"https:\/\/elcafedepipa.com\/index.php\/2025\/09\/16\/el-pp-de-la-vall-reclama-a-tania-banos-mesures-urgents-per-a-protegir-els-treballadors-de-les-coves\/","title":{"rendered":"El PP de la Vall reclama a Tania Ba\u00f1os mesures urgents per a protegir els treballadors de Les Coves"},"content":{"rendered":"\n<p><strong>El Grup Municipal del PP a la Vall d\u2019Uix\u00f3 ha reclamat hui a l\u2019alcaldessa Tania Ba\u00f1os <\/strong>\u201csolucions i protecci\u00f3\u201d per als treballadors de les Coves de Sant Josep, despr\u00e9s de la den\u00fancia presentada per la Confederaci\u00f3 General del Treball (CGT) davant la Inspecci\u00f3 de Treball. \u201cLluny de resoldre aquesta situaci\u00f3, el PSOE est\u00e0 generant cada vegada m\u00e9s alarma sobre aquest paratge natural municipal\u201d, han assenyalat.<\/p>\n\n\n\n<p>Marga Marco, regidora del PP a la Vall, ha comparegut davant els mitjans per a exigir a la m\u00e0xima autoritat municipal \u201crespostes i transpar\u00e8ncia\u201d. Segons ha detallat, \u201chi ha un silenci i una opacitat que preocupen i que, de fet, investiga tamb\u00e9 el S\u00edndic de Greuges des de fa uns mesos. Ara, un sindicat ha denunciat davant la Inspecci\u00f3 de Treball que un ter\u00e7 de la plantilla \u201311 treballadors\u2013 estan de baixa i tres tenen judicis pendents, dos per acomiadament i un per assetjament laboral\u201d. <\/p>\n\n\n\n<p>Des del PP consideren que \u201cla Vall no mereix que el nostre principal recurs tur\u00edstic, i el segon m\u00e9s important de la prov\u00edncia, es conega per les condicions laborals que els treballadors denuncien com a cr\u00edtiques\u201d. Tamb\u00e9 han remarcat la necessitat d\u2019aclarir la situaci\u00f3 entorn del gas rad\u00f3, \u201cun gas d\u2019origen natural present en les Coves sobre el qual no volem generar alarma, per\u00f2 s\u00ed obtindre informaci\u00f3 que a dia de hui se\u2019ns nega\u201d.<\/p>\n\n\n\n<p>\u201cLa situaci\u00f3 denunciada pels treballadors exigeix transpar\u00e8ncia i respostes que no s\u2019estan donant. I precisament aquesta falta de resposta \u00e9s la que genera m\u00e9s pol\u00e8mica. Cal donar la cara i no amagar-se, com lamentablement fa l\u2019alcaldessa\u201d,<strong> ha afirmat Marco.<\/strong><\/p>\n\n\n\n<p>Per al PP, \u201c\u00e9s fonamental garantir la protecci\u00f3 dels empleats i tamb\u00e9 dels visitants de les Coves. Volem que les nostres grutes continuen sent un reclam tur\u00edstic, font de riquesa i motiu d\u2019orgull. I ah\u00ed ens trobaran, posant en valor tot el bo que tenim i exigint respostes amb la m\u00e0xima transpar\u00e8ncia\u201d.<\/p>\n\n\n\n<p>Finalment, Marco ha assenyalat que \u201cels visitants no han de preocupar-se per la pres\u00e8ncia d\u2019aquest gas, ja que la seua exposici\u00f3 \u00e9s m\u00ednima. Per\u00f2 en el cas dels treballadors, la major exposici\u00f3 obliga a aplicar protocols de prevenci\u00f3 que volem con\u00e9ixer. Perqu\u00e8 no sols el PP t\u00e9 el deure de fiscalitzar i demanar informaci\u00f3, el dret a estar informats tamb\u00e9 \u00e9s de tots els ve\u00efns de la Vall\u201d.<\/p>\n","protected":false},"excerpt":{"rendered":"<p>El Grup Municipal del PP a la Vall d\u2019Uix\u00f3 ha reclamat hui a l\u2019alcaldessa Tania Ba\u00f1os \u201csolucions i protecci\u00f3\u201d per als treballadors de les Coves de Sant Josep, despr\u00e9s de la den\u00fancia presentada per la Confederaci\u00f3 General del Treball (CGT) davant la Inspecci\u00f3 de Treball. \u201cLluny de resoldre aquesta situaci\u00f3, el PSOE est\u00e0 generant cada &#8230; <a title=\"El PP de la Vall reclama a Tania Ba\u00f1os mesures urgents per a protegir els treballadors de Les Coves\" class=\"read-more\" href=\"https:\/\/elcafedepipa.com\/index.php\/2025\/09\/16\/el-pp-de-la-vall-reclama-a-tania-banos-mesures-urgents-per-a-protegir-els-treballadors-de-les-coves\/\" aria-label=\"M\u00e9s informaci\u00f3 sobre El PP de la Vall reclama a Tania Ba\u00f1os mesures urgents per a protegir els treballadors de Les Coves\">Read more<\/a><\/p>\n","protected":false},"author":2,"featured_media":16941,"comment_status":"closed","ping_status":"closed","sticky":false,"template":"","format":"standard","meta":{"om_disable_all_campaigns":false,"_monsterinsights_skip_tracking":false,"_monsterinsights_sitenote_active":false,"_monsterinsights_sitenote_note":"","_monsterinsights_sitenote_category":0,"_uf_show_specific_survey":0,"_uf_disable_surveys":false,"footnotes":""},"categories":[2],"tags":[],"class_list":["post-16940","post","type-post","status-publish","format-standard","has-post-thumbnail","hentry","category-lavallduixo"],"_links":{"self":[{"href":"https:\/\/elcafedepipa.com\/index.php\/wp-json\/wp\/v2\/posts\/16940","targetHints":{"allow":["GET"]}}],"collection":[{"href":"https:\/\/elcafedepipa.com\/index.php\/wp-json\/wp\/v2\/posts"}],"about":[{"href":"https:\/\/elcafedepipa.com\/index.php\/wp-json\/wp\/v2\/types\/post"}],"author":[{"embeddable":true,"href":"https:\/\/elcafedepipa.com\/index.php\/wp-json\/wp\/v2\/users\/2"}],"replies":[{"embeddable":true,"href":"https:\/\/elcafedepipa.com\/index.php\/wp-json\/wp\/v2\/comments?post=16940"}],"version-history":[{"count":1,"href":"https:\/\/elcafedepipa.com\/index.php\/wp-json\/wp\/v2\/posts\/16940\/revisions"}],"predecessor-version":[{"id":16942,"href":"https:\/\/elcafedepipa.com\/index.php\/wp-json\/wp\/v2\/posts\/16940\/revisions\/16942"}],"wp:featuredmedia":[{"embeddable":true,"href":"https:\/\/elcafedepipa.com\/index.php\/wp-json\/wp\/v2\/media\/16941"}],"wp:attachment":[{"href":"https:\/\/elcafedepipa.com\/index.php\/wp-json\/wp\/v2\/media?parent=16940"}],"wp:term":[{"taxonomy":"category","embeddable":true,"href":"https:\/\/elcafedepipa.com\/index.php\/wp-json\/wp\/v2\/categories?post=16940"},{"taxonomy":"post_tag","embeddable":true,"href":"https:\/\/elcafedepipa.com\/index.php\/wp-json\/wp\/v2\/tags?post=16940"}],"curies":[{"name":"wp","href":"https:\/\/api.w.org\/{rel}","templated":true}]}}