{"id":16928,"date":"2025-09-15T17:21:20","date_gmt":"2025-09-15T15:21:20","guid":{"rendered":"https:\/\/elcafedepipa.com\/?p=16928"},"modified":"2025-09-15T17:21:20","modified_gmt":"2025-09-15T15:21:20","slug":"nules-tanca-el-teatre-alcazar-per-a-emprendre-diferents-actuacions-de-remodelacio-i-millora","status":"publish","type":"post","link":"https:\/\/elcafedepipa.com\/index.php\/2025\/09\/15\/nules-tanca-el-teatre-alcazar-per-a-emprendre-diferents-actuacions-de-remodelacio-i-millora\/","title":{"rendered":"Nules tanca el Teatre Alc\u00e1zar per a emprendre diferents actuacions de remodelaci\u00f3 i millora"},"content":{"rendered":"\n<p>L\u2019Ajuntament de Nules ha decidit tancar temporalment el Teatre Alc\u00e1zar per emprendre diferents actuacions de remodelaci\u00f3 i de millora de les seues instal\u00b7lacions.<\/p>\n\n\n\n<p>Aix\u00ed ho han anunciat hui l\u2019Alcalde, David Garc\u00eda, i la regidora de Cultura, M. Jos\u00e9 Esteban, els quals han coincidit a assenyalar que \u201cha estat una decisi\u00f3 res f\u00e0cil\u201d per\u00f2 la detecci\u00f3 d\u2019una s\u00e8rie de defici\u00e8ncies greus impossibiliten l\u2019activitat cultural en condicions \u00f2ptimes de seguretat, i han fet que aquest tancament siga necessari.<\/p>\n\n\n\n<p>De manera que, aquestes defici\u00e8ncies afecten tant a la part estructural com a les instal\u00b7lacions t\u00e8cniques de l\u2019edifici. Per tant, entre els principals problemes detectats cal destacar el sistema de climatitzaci\u00f3; problemes estructurals a la part superior de l\u2019escenari, que fan que les barres actuals que s\u2019utilitzen per a penjar escenografies o focus no siguen segures, la qual cosa impossibilita la realitzaci\u00f3 de muntatges esc\u00e8nics amb garant\u00eda. A m\u00e9s, el sistema d\u2019il\u00b7luminaci\u00f3 est\u00e0 obsolet; l\u2019ascensor fora de servei la qual cosa impedeix que les persones amb mobilitat redu\u00efda pugen fer \u00fas del mateix.<\/p>\n\n\n\n<p>Des de la regidoria de Cultura es destaca al respecte que com a conseq\u00fc\u00e8ncia de tot aix\u00f2 s\u2019han vist obligats a traslladar a altres llocs actes tan importants com la Presentaci\u00f3 de la Reina de la Vila de Nules, la Presentaci\u00f3 de la Reina del raval de Sant Xotxim, o la celebraci\u00f3 dels Jocs Florals Vila de Nules, \u201cper\u00f2 la seguretat de les persones i el bon funcionament de les instal\u00b7lacions han de ser la nostra prioritat\u201d, matisa la regidora, M. Jos\u00e9 Esteban.<\/p>\n\n\n\n<p>Amb tot, des de l\u2019Ajuntament es recalca que s\u2019est\u00e0 treballant per a agilitzar tots els tr\u00e0mits necessaris perqu\u00e8 les obres comencen el m\u00e9s aviat possible amb l\u2019objetiu que el Teatre Alc\u00e1zar torne a obrir les portes com m\u00e9s aviat millor.<\/p>\n\n\n\n<p>L\u2019Alcalde, David Garc\u00eda, tamb\u00e9 explica que \u201cl\u2019\u00fas d\u2019aquestes instal\u00b7lacions durant m\u00e9s de tres d\u00e8cades ha comportant un deterioro evident\u201d. I comenta que han estat les revisions exhaustives fetes pels t\u00e8cnics municipals, i per t\u00e8cnics externs les que han detectat totes les defici\u00e8ncies senyalades.<\/p>\n\n\n\n<p>Des de l\u2019Ajuntament de Nules es demana a la ciutadania comprensi\u00f3 i paci\u00e8ncia en aquest per\u00edode, \u201cperqu\u00e8 prompte tornem a gaudir d\u2019un Teatre Alc\u00e1zar digne, modern, segur i accessible com es mereix el poble de Nules, \u201c, conclou Esteban.<\/p>\n","protected":false},"excerpt":{"rendered":"<p>L\u2019Ajuntament de Nules ha decidit tancar temporalment el Teatre Alc\u00e1zar per emprendre diferents actuacions de remodelaci\u00f3 i de millora de les seues instal\u00b7lacions. Aix\u00ed ho han anunciat hui l\u2019Alcalde, David Garc\u00eda, i la regidora de Cultura, M. Jos\u00e9 Esteban, els quals han coincidit a assenyalar que \u201cha estat una decisi\u00f3 res f\u00e0cil\u201d per\u00f2 la detecci\u00f3 &#8230; <a title=\"Nules tanca el Teatre Alc\u00e1zar per a emprendre diferents actuacions de remodelaci\u00f3 i millora\" class=\"read-more\" href=\"https:\/\/elcafedepipa.com\/index.php\/2025\/09\/15\/nules-tanca-el-teatre-alcazar-per-a-emprendre-diferents-actuacions-de-remodelacio-i-millora\/\" aria-label=\"M\u00e9s informaci\u00f3 sobre Nules tanca el Teatre Alc\u00e1zar per a emprendre diferents actuacions de remodelaci\u00f3 i millora\">Read more<\/a><\/p>\n","protected":false},"author":2,"featured_media":16929,"comment_status":"closed","ping_status":"closed","sticky":false,"template":"","format":"standard","meta":{"om_disable_all_campaigns":false,"_monsterinsights_skip_tracking":false,"_monsterinsights_sitenote_active":false,"_monsterinsights_sitenote_note":"","_monsterinsights_sitenote_category":0,"_uf_show_specific_survey":0,"_uf_disable_surveys":false,"footnotes":""},"categories":[3],"tags":[],"class_list":["post-16928","post","type-post","status-publish","format-standard","has-post-thumbnail","hentry","category-nules"],"_links":{"self":[{"href":"https:\/\/elcafedepipa.com\/index.php\/wp-json\/wp\/v2\/posts\/16928","targetHints":{"allow":["GET"]}}],"collection":[{"href":"https:\/\/elcafedepipa.com\/index.php\/wp-json\/wp\/v2\/posts"}],"about":[{"href":"https:\/\/elcafedepipa.com\/index.php\/wp-json\/wp\/v2\/types\/post"}],"author":[{"embeddable":true,"href":"https:\/\/elcafedepipa.com\/index.php\/wp-json\/wp\/v2\/users\/2"}],"replies":[{"embeddable":true,"href":"https:\/\/elcafedepipa.com\/index.php\/wp-json\/wp\/v2\/comments?post=16928"}],"version-history":[{"count":1,"href":"https:\/\/elcafedepipa.com\/index.php\/wp-json\/wp\/v2\/posts\/16928\/revisions"}],"predecessor-version":[{"id":16930,"href":"https:\/\/elcafedepipa.com\/index.php\/wp-json\/wp\/v2\/posts\/16928\/revisions\/16930"}],"wp:featuredmedia":[{"embeddable":true,"href":"https:\/\/elcafedepipa.com\/index.php\/wp-json\/wp\/v2\/media\/16929"}],"wp:attachment":[{"href":"https:\/\/elcafedepipa.com\/index.php\/wp-json\/wp\/v2\/media?parent=16928"}],"wp:term":[{"taxonomy":"category","embeddable":true,"href":"https:\/\/elcafedepipa.com\/index.php\/wp-json\/wp\/v2\/categories?post=16928"},{"taxonomy":"post_tag","embeddable":true,"href":"https:\/\/elcafedepipa.com\/index.php\/wp-json\/wp\/v2\/tags?post=16928"}],"curies":[{"name":"wp","href":"https:\/\/api.w.org\/{rel}","templated":true}]}}