{"id":16893,"date":"2025-09-15T09:35:41","date_gmt":"2025-09-15T07:35:41","guid":{"rendered":"https:\/\/elcafedepipa.com\/?p=16893"},"modified":"2025-09-15T09:36:42","modified_gmt":"2025-09-15T07:36:42","slug":"lajuntament-de-moncofa-exigira-a-la-chx-lexecucio-de-la-canalitzacio-del-barranc-juan-de-mora-per-a-evitar-riscos-a-la-poblacio","status":"publish","type":"post","link":"https:\/\/elcafedepipa.com\/index.php\/2025\/09\/15\/lajuntament-de-moncofa-exigira-a-la-chx-lexecucio-de-la-canalitzacio-del-barranc-juan-de-mora-per-a-evitar-riscos-a-la-poblacio\/","title":{"rendered":"L\u2019Ajuntament de Moncofa exigir\u00e0 a la CHJ l\u2019execuci\u00f3 de la canalitzaci\u00f3 del barranc Juan de Mora per a evitar riscos a la poblaci\u00f3"},"content":{"rendered":"\n<p>L&#8217;Ajuntament de Moncofa exigir\u00e0 a la Confederaci\u00f3 Hidrogr\u00e0fica del X\u00faquer (CHJ) l&#8217;execuci\u00f3 de les obres de canalitzaci\u00f3 del barranc de Mora. Contemplades pel Govern d&#8217;Espanya com a priorit\u00e0ries, \u201cseguim pendents d&#8217;una resposta perqu\u00e8 el seu aband\u00f3 i incompliment genera riscos a la poblaci\u00f3 que hem d&#8217;evitar\u201d.<\/p>\n\n\n\n<p>L&#8217;alcalde de Moncofa, Wences Al\u00f3s, reconeix que \u201cno \u00e9s la primera vegada que es desborda i, l&#8217;abs\u00e8ncia la canalitzaci\u00f3 adequada d&#8217;este barranc, conegut tamb\u00e9 com el Torrent de Nules, obliga a evacuar ve\u00efns i ve\u00efnes per a garantir la seua integritat\u201d.<\/p>\n\n\n\n<p>L&#8217;\u00faltim episodi registrat va ser a l&#8217;octubre de 2018. Llavors, els usuaris d&#8217;un c\u00e0mping del municipi van ser reallotjats a conseq\u00fc\u00e8ncia de la gran avinguda d&#8217;aigua que va acabar per desbordar. \u201cVolem seguretat, evitar els riscos, i per a aix\u00f2, tal com el Ministeri per a la Transici\u00f3 Ecol\u00f2gica reconeix, s&#8217;ha d&#8217;executar esta obra, que van projectar en 2012\u201d.<\/p>\n\n\n\n<p>Cal assenyalar que l&#8217;obra contemplada en este llit t\u00e9 un pressupost estimat pel Govern d&#8217;Espanya de 38,21 milions d&#8217;euros. Est\u00e0 inclosa en el Pla de Gesti\u00f3 del Risc d&#8217;Inundaci\u00f3 aprovat pel Govern d&#8217;Espanya a trav\u00e9s del Reial decret 18\/2016 i ratificada pel Consell de Ministres celebrat al gener de 2023.<\/p>\n\n\n\n<p>\u201cSi es complira el que est\u00e0 estipulat, s&#8217;evitarien riscos no sols al nostre ve\u00efnat, sin\u00f3 tamb\u00e9 a les poblacions de Nules i Borriana. I aix\u00f2 \u00e9s l&#8217;\u00fanica cosa que ens importa, que el Govern d&#8217;Espanya es pose a la feina per a complir l&#8217;execuci\u00f3 d&#8217;esta infraestructura i garantir la seguretat\u201d, ha concl\u00f2s Al\u00f3s.<\/p>\n","protected":false},"excerpt":{"rendered":"<p>L&#8217;Ajuntament de Moncofa exigir\u00e0 a la Confederaci\u00f3 Hidrogr\u00e0fica del X\u00faquer (CHJ) l&#8217;execuci\u00f3 de les obres de canalitzaci\u00f3 del barranc de Mora. Contemplades pel Govern d&#8217;Espanya com a priorit\u00e0ries, \u201cseguim pendents d&#8217;una resposta perqu\u00e8 el seu aband\u00f3 i incompliment genera riscos a la poblaci\u00f3 que hem d&#8217;evitar\u201d. L&#8217;alcalde de Moncofa, Wences Al\u00f3s, reconeix que \u201cno \u00e9s &#8230; <a title=\"L\u2019Ajuntament de Moncofa exigir\u00e0 a la CHJ l\u2019execuci\u00f3 de la canalitzaci\u00f3 del barranc Juan de Mora per a evitar riscos a la poblaci\u00f3\" class=\"read-more\" href=\"https:\/\/elcafedepipa.com\/index.php\/2025\/09\/15\/lajuntament-de-moncofa-exigira-a-la-chx-lexecucio-de-la-canalitzacio-del-barranc-juan-de-mora-per-a-evitar-riscos-a-la-poblacio\/\" aria-label=\"M\u00e9s informaci\u00f3 sobre L\u2019Ajuntament de Moncofa exigir\u00e0 a la CHJ l\u2019execuci\u00f3 de la canalitzaci\u00f3 del barranc Juan de Mora per a evitar riscos a la poblaci\u00f3\">Read more<\/a><\/p>\n","protected":false},"author":2,"featured_media":16894,"comment_status":"closed","ping_status":"closed","sticky":false,"template":"","format":"standard","meta":{"om_disable_all_campaigns":false,"_monsterinsights_skip_tracking":false,"_monsterinsights_sitenote_active":false,"_monsterinsights_sitenote_note":"","_monsterinsights_sitenote_category":0,"_uf_show_specific_survey":0,"_uf_disable_surveys":false,"footnotes":""},"categories":[4],"tags":[],"class_list":["post-16893","post","type-post","status-publish","format-standard","has-post-thumbnail","hentry","category-moncofa"],"_links":{"self":[{"href":"https:\/\/elcafedepipa.com\/index.php\/wp-json\/wp\/v2\/posts\/16893","targetHints":{"allow":["GET"]}}],"collection":[{"href":"https:\/\/elcafedepipa.com\/index.php\/wp-json\/wp\/v2\/posts"}],"about":[{"href":"https:\/\/elcafedepipa.com\/index.php\/wp-json\/wp\/v2\/types\/post"}],"author":[{"embeddable":true,"href":"https:\/\/elcafedepipa.com\/index.php\/wp-json\/wp\/v2\/users\/2"}],"replies":[{"embeddable":true,"href":"https:\/\/elcafedepipa.com\/index.php\/wp-json\/wp\/v2\/comments?post=16893"}],"version-history":[{"count":2,"href":"https:\/\/elcafedepipa.com\/index.php\/wp-json\/wp\/v2\/posts\/16893\/revisions"}],"predecessor-version":[{"id":16896,"href":"https:\/\/elcafedepipa.com\/index.php\/wp-json\/wp\/v2\/posts\/16893\/revisions\/16896"}],"wp:featuredmedia":[{"embeddable":true,"href":"https:\/\/elcafedepipa.com\/index.php\/wp-json\/wp\/v2\/media\/16894"}],"wp:attachment":[{"href":"https:\/\/elcafedepipa.com\/index.php\/wp-json\/wp\/v2\/media?parent=16893"}],"wp:term":[{"taxonomy":"category","embeddable":true,"href":"https:\/\/elcafedepipa.com\/index.php\/wp-json\/wp\/v2\/categories?post=16893"},{"taxonomy":"post_tag","embeddable":true,"href":"https:\/\/elcafedepipa.com\/index.php\/wp-json\/wp\/v2\/tags?post=16893"}],"curies":[{"name":"wp","href":"https:\/\/api.w.org\/{rel}","templated":true}]}}