{"id":16890,"date":"2025-09-15T09:02:37","date_gmt":"2025-09-15T07:02:37","guid":{"rendered":"https:\/\/elcafedepipa.com\/?p=16890"},"modified":"2025-09-15T09:02:37","modified_gmt":"2025-09-15T07:02:37","slug":"lajuntament-de-la-vall-duixo-reconeix-lalumnat-excellent-del-curs-2024-2025","status":"publish","type":"post","link":"https:\/\/elcafedepipa.com\/index.php\/2025\/09\/15\/lajuntament-de-la-vall-duixo-reconeix-lalumnat-excellent-del-curs-2024-2025\/","title":{"rendered":"L&#8217;Ajuntament de la Vall d&#8217;Uix\u00f3 reconeix l&#8217;alumnat excel\u00b7lent del Curs 2024-2025"},"content":{"rendered":"\n<p>A l&#8217;acte institucional es reconeix els millors expedients de la ciutat a Batxillerat, Cicles Formatius i Conservatori de M\u00fasica, segons les actes trameses pels mateixos centres educatius. Els alumnes i les alumnes reconegudes han estat:<\/p>\n\n\n\n<p>Iraide Manzana R\u00f3denes<br>Clara Miquel S\u00e1nchez<br>Marc Ib\u00e1\u00f1ez Mingarro<br>Joaqu\u00edn Mingarro Sales<br>Jose Alba Arrufat<br>Maria Segarra Flores<br>Llum Rubio Badenes<br>Aitana Garc\u00eda Ortiz<br>Claudia Trol L\u00f3pez<br>Ayhene Tahir<br>Paula Portal\u00e9s Cuadra<br>Lorena Castell Garc\u00eda<br>Marc Ruiz Rodr\u00edguez<br>Mar\u00eda Guzm\u00e1n Merch\u00e1n<br>Roc\u00edo Vizca\u00edno Garc\u00eda<br>Christian Salas Villanueva<br>Mohcin Moustaid Harir<br>Amel Kousbia Kerbeb<br>Trinidad Mendoza Alca\u00f1iz<br>Emma S\u00e1nchez Ba\u00f1uls<\/p>\n\n\n\n<p>Roberto Garz\u00f3n, premiat el 2018, graduat en Dret i funcionari d&#8217;institucions penitenci\u00e0ries va dirigir unes paraules a l&#8217;alumnat com a mantenidor de l&#8217;acte. Tamb\u00e9 va fer una petita intervenci\u00f3 Cristina Carrasco, representant dels IES.<\/p>\n\n\n\n<p>L&#8217;alcaldessa Tania Ba\u00f1os va posar en valor &#8220;el paper de l&#8217;educaci\u00f3 p\u00fablica per garantir la igualtat d&#8217;oportunitats&#8221; i va desitjar un bon inici del curs acad\u00e8mic. Aix\u00ed mateix, va destacar \u201cl&#8217;esfor\u00e7 i const\u00e0ncia\u201d que ha portat els premiats i premiades a aconseguir aquest reconeixement.<\/p>\n","protected":false},"excerpt":{"rendered":"<p>A l&#8217;acte institucional es reconeix els millors expedients de la ciutat a Batxillerat, Cicles Formatius i Conservatori de M\u00fasica, segons les actes trameses pels mateixos centres educatius. Els alumnes i les alumnes reconegudes han estat: Iraide Manzana R\u00f3denesClara Miquel S\u00e1nchezMarc Ib\u00e1\u00f1ez MingarroJoaqu\u00edn Mingarro SalesJose Alba ArrufatMaria Segarra FloresLlum Rubio BadenesAitana Garc\u00eda OrtizClaudia Trol L\u00f3pezAyhene TahirPaula &#8230; <a title=\"L&#8217;Ajuntament de la Vall d&#8217;Uix\u00f3 reconeix l&#8217;alumnat excel\u00b7lent del Curs 2024-2025\" class=\"read-more\" href=\"https:\/\/elcafedepipa.com\/index.php\/2025\/09\/15\/lajuntament-de-la-vall-duixo-reconeix-lalumnat-excellent-del-curs-2024-2025\/\" aria-label=\"M\u00e9s informaci\u00f3 sobre L&#8217;Ajuntament de la Vall d&#8217;Uix\u00f3 reconeix l&#8217;alumnat excel\u00b7lent del Curs 2024-2025\">Read more<\/a><\/p>\n","protected":false},"author":2,"featured_media":16891,"comment_status":"closed","ping_status":"closed","sticky":false,"template":"","format":"standard","meta":{"om_disable_all_campaigns":false,"_monsterinsights_skip_tracking":false,"_monsterinsights_sitenote_active":false,"_monsterinsights_sitenote_note":"","_monsterinsights_sitenote_category":0,"_uf_show_specific_survey":0,"_uf_disable_surveys":false,"footnotes":""},"categories":[1],"tags":[],"class_list":["post-16890","post","type-post","status-publish","format-standard","has-post-thumbnail","hentry","category-non-classe"],"_links":{"self":[{"href":"https:\/\/elcafedepipa.com\/index.php\/wp-json\/wp\/v2\/posts\/16890","targetHints":{"allow":["GET"]}}],"collection":[{"href":"https:\/\/elcafedepipa.com\/index.php\/wp-json\/wp\/v2\/posts"}],"about":[{"href":"https:\/\/elcafedepipa.com\/index.php\/wp-json\/wp\/v2\/types\/post"}],"author":[{"embeddable":true,"href":"https:\/\/elcafedepipa.com\/index.php\/wp-json\/wp\/v2\/users\/2"}],"replies":[{"embeddable":true,"href":"https:\/\/elcafedepipa.com\/index.php\/wp-json\/wp\/v2\/comments?post=16890"}],"version-history":[{"count":1,"href":"https:\/\/elcafedepipa.com\/index.php\/wp-json\/wp\/v2\/posts\/16890\/revisions"}],"predecessor-version":[{"id":16892,"href":"https:\/\/elcafedepipa.com\/index.php\/wp-json\/wp\/v2\/posts\/16890\/revisions\/16892"}],"wp:featuredmedia":[{"embeddable":true,"href":"https:\/\/elcafedepipa.com\/index.php\/wp-json\/wp\/v2\/media\/16891"}],"wp:attachment":[{"href":"https:\/\/elcafedepipa.com\/index.php\/wp-json\/wp\/v2\/media?parent=16890"}],"wp:term":[{"taxonomy":"category","embeddable":true,"href":"https:\/\/elcafedepipa.com\/index.php\/wp-json\/wp\/v2\/categories?post=16890"},{"taxonomy":"post_tag","embeddable":true,"href":"https:\/\/elcafedepipa.com\/index.php\/wp-json\/wp\/v2\/tags?post=16890"}],"curies":[{"name":"wp","href":"https:\/\/api.w.org\/{rel}","templated":true}]}}