{"id":16877,"date":"2025-09-12T15:29:19","date_gmt":"2025-09-12T13:29:19","guid":{"rendered":"https:\/\/elcafedepipa.com\/?p=16877"},"modified":"2025-09-12T15:29:20","modified_gmt":"2025-09-12T13:29:20","slug":"la-unio-assenyala-que-els-aranzels-de-la-xina-preocupen-el-sector-porci-valencia-i-per-aixo-reclama-mesures-de-suport-i-defensa-a-brusselles-i-madrid","status":"publish","type":"post","link":"https:\/\/elcafedepipa.com\/index.php\/2025\/09\/12\/la-unio-assenyala-que-els-aranzels-de-la-xina-preocupen-el-sector-porci-valencia-i-per-aixo-reclama-mesures-de-suport-i-defensa-a-brusselles-i-madrid\/","title":{"rendered":"LA UNI\u00d3 assenyala que els aranzels de la Xina preocupen el sector porc\u00ed valenci\u00e0 i per aix\u00f2 reclama mesures de suport i defensa a Brussel\u00b7les i Madrid"},"content":{"rendered":"\n<p><strong>Les nostres granges de porc\u00ed se situen principalment en zones d&#8217;interior desfavorides i amb el risc de despoblament<\/strong><\/p>\n\n\n\n<p>La Uni\u00f3 Llauradora i Ramadera manifesta la seua preocupaci\u00f3 per les mesures antid\u00famping provisionals adoptades per la Xina contra la carn de porc de la Uni\u00f3 Europea, ja que podrien afectar el sector porc\u00ed de la Comunitat Valenciana, molt dependent de les exportacions i amb greus problemes de rendibilitat.<\/p>\n\n\n\n<p>El Govern xin\u00e9s ha imposat dep\u00f2sits en efectiu equivalents a aranzels d&#8217;entre el 15,6% i el 62,4% sobre les importacions de carn de porc i subproductes procedents de la UE, en repres\u00e0lia pels aranzels europeus als cotxes el\u00e8ctrics xinesos. Encara que la majoria de les empreses espanyoles se situen en la franja del 20% per haver col\u00b7laborat en la investigaci\u00f3, el colp \u00e9s molt significatiu donada l&#8217;alta exposici\u00f3 del sector.<\/p>\n\n\n\n<p>Espanya va exportar en 2024 a la Xina unes 540.000 tones de porc\u00ed per un valor pr\u00f2xim a 1.070 milions d&#8217;euros, la qual cosa suposa m\u00e9s del 20% del volum total exportat i el 15% del valor. Aquestes xifres situen a Espanya com a primer prove\u00efdor europeu de carn de porc en el mercat xin\u00e9s.<\/p>\n\n\n\n<p>En la Comunitat Valenciana, el sector compta amb 852 explotacions de producci\u00f3 i reproducci\u00f3 de porc\u00ed, amb 1.140.357 places i una venda de 2.164.050 animals en 2024, la qual cosa ho converteix en un pilar fonamental de l&#8217;economia agr\u00e0ria i del medi rural. El porc\u00ed \u00e9s la primera producci\u00f3 ramadera de la Comunitat Valenciana en termes econ\u00f2mics i representa al voltant de la meitat del valor de la producci\u00f3 animal i m\u00e9s d&#8217;un ter\u00e7 del total agroramader. El mercat xin\u00e9s \u00e9s molt atractiu per al sector porc\u00ed valenci\u00e0 per ser un gran consumidor de les despulles de l&#8217;especejament dels animals.<\/p>\n\n\n\n<p>Per a LA UNI\u00d3, aquestes mesures previstes podrien posar en risc tant el teixit productiu com l&#8217;estabilitat de les explotacions familiars integrades en el sistema de producci\u00f3. Cal assenyalar que les granges de porc\u00ed se situen principalment en la Comunitat Valenciana en zones d&#8217;interior desfavorides i amb el risc de despoblament, on compleixen un rellevant paper econ\u00f2mic i social en fixar a la poblaci\u00f3 en el territori.<\/p>\n\n\n\n<p>El perill d&#8217;aquests aranzels no \u00e9s nom\u00e9s la p\u00e8rdua d&#8217;un mercat estrat\u00e8gic, sin\u00f3 tamb\u00e9 la pressi\u00f3 a la baixa sobre els preus en origen si l&#8217;excedent ha de reorientar-se al mercat interior. En aquest sentit, una caiguda del 25% en els enviaments a la Xina podria provocar descensos d&#8217;entre l&#8217;1% i el 2% en el preu percebut pels ramaders, un colp afegit en un sector que ja treballa amb marges molt ajustats.<\/p>\n\n\n\n<p>\u201cNo es pot jugar a la barata de cotxes per porcs. El sector porc\u00ed valenci\u00e0 no pot continuar pagant els plats trencats de les decisions pol\u00edtiques a Brussel\u00b7les. Exigim que la Comissi\u00f3 Europea moga fitxa i que el Govern espanyol defense a un sector estrat\u00e8gic per al nostre territori\u201d, ha declarat el secretari general de LA UNI\u00d3, Carles Peris.<\/p>\n\n\n\n<p>Per tot aix\u00f2, LA UNI\u00d3 reclama que la Comissi\u00f3 Europea negocie urgentment amb la Xina per a limitar l&#8217;abast i duraci\u00f3 d&#8217;aquestes mesures, que el Govern espanyol pressione a Brussel\u00b7les i articule un pla de compensaci\u00f3 per als productors afectats, i que s&#8217;habiliten mecanismes de suport financer i d&#8217;obertura de nous mercats que permeten diversificar les eixides del porc\u00ed valenci\u00e0.<\/p>\n\n\n\n<p>\u201cNo podem permetre que un sector tan estrat\u00e8gic per a la Comunitat Valenciana quede atrapat de nou en una guerra comercial aliena als seus interessos. Necessitem solucions reals i no pegats\u201d, conclou Peris.&nbsp;<\/p>\n","protected":false},"excerpt":{"rendered":"<p>Les nostres granges de porc\u00ed se situen principalment en zones d&#8217;interior desfavorides i amb el risc de despoblament La Uni\u00f3 Llauradora i Ramadera manifesta la seua preocupaci\u00f3 per les mesures antid\u00famping provisionals adoptades per la Xina contra la carn de porc de la Uni\u00f3 Europea, ja que podrien afectar el sector porc\u00ed de la Comunitat &#8230; <a title=\"LA UNI\u00d3 assenyala que els aranzels de la Xina preocupen el sector porc\u00ed valenci\u00e0 i per aix\u00f2 reclama mesures de suport i defensa a Brussel\u00b7les i Madrid\" class=\"read-more\" href=\"https:\/\/elcafedepipa.com\/index.php\/2025\/09\/12\/la-unio-assenyala-que-els-aranzels-de-la-xina-preocupen-el-sector-porci-valencia-i-per-aixo-reclama-mesures-de-suport-i-defensa-a-brusselles-i-madrid\/\" aria-label=\"M\u00e9s informaci\u00f3 sobre LA UNI\u00d3 assenyala que els aranzels de la Xina preocupen el sector porc\u00ed valenci\u00e0 i per aix\u00f2 reclama mesures de suport i defensa a Brussel\u00b7les i Madrid\">Read more<\/a><\/p>\n","protected":false},"author":2,"featured_media":16878,"comment_status":"closed","ping_status":"closed","sticky":false,"template":"","format":"standard","meta":{"om_disable_all_campaigns":false,"_monsterinsights_skip_tracking":false,"_monsterinsights_sitenote_active":false,"_monsterinsights_sitenote_note":"","_monsterinsights_sitenote_category":0,"_uf_show_specific_survey":0,"_uf_disable_surveys":false,"footnotes":""},"categories":[1],"tags":[],"class_list":["post-16877","post","type-post","status-publish","format-standard","has-post-thumbnail","hentry","category-non-classe"],"_links":{"self":[{"href":"https:\/\/elcafedepipa.com\/index.php\/wp-json\/wp\/v2\/posts\/16877","targetHints":{"allow":["GET"]}}],"collection":[{"href":"https:\/\/elcafedepipa.com\/index.php\/wp-json\/wp\/v2\/posts"}],"about":[{"href":"https:\/\/elcafedepipa.com\/index.php\/wp-json\/wp\/v2\/types\/post"}],"author":[{"embeddable":true,"href":"https:\/\/elcafedepipa.com\/index.php\/wp-json\/wp\/v2\/users\/2"}],"replies":[{"embeddable":true,"href":"https:\/\/elcafedepipa.com\/index.php\/wp-json\/wp\/v2\/comments?post=16877"}],"version-history":[{"count":1,"href":"https:\/\/elcafedepipa.com\/index.php\/wp-json\/wp\/v2\/posts\/16877\/revisions"}],"predecessor-version":[{"id":16879,"href":"https:\/\/elcafedepipa.com\/index.php\/wp-json\/wp\/v2\/posts\/16877\/revisions\/16879"}],"wp:featuredmedia":[{"embeddable":true,"href":"https:\/\/elcafedepipa.com\/index.php\/wp-json\/wp\/v2\/media\/16878"}],"wp:attachment":[{"href":"https:\/\/elcafedepipa.com\/index.php\/wp-json\/wp\/v2\/media?parent=16877"}],"wp:term":[{"taxonomy":"category","embeddable":true,"href":"https:\/\/elcafedepipa.com\/index.php\/wp-json\/wp\/v2\/categories?post=16877"},{"taxonomy":"post_tag","embeddable":true,"href":"https:\/\/elcafedepipa.com\/index.php\/wp-json\/wp\/v2\/tags?post=16877"}],"curies":[{"name":"wp","href":"https:\/\/api.w.org\/{rel}","templated":true}]}}