{"id":16874,"date":"2025-09-12T15:27:50","date_gmt":"2025-09-12T13:27:50","guid":{"rendered":"https:\/\/elcafedepipa.com\/?p=16874"},"modified":"2025-09-12T15:27:51","modified_gmt":"2025-09-12T13:27:51","slug":"nules-segueix-apostant-per-la-infancia-amb-la-programacio-de-diferents-activitats-per-al-present-curs","status":"publish","type":"post","link":"https:\/\/elcafedepipa.com\/index.php\/2025\/09\/12\/nules-segueix-apostant-per-la-infancia-amb-la-programacio-de-diferents-activitats-per-al-present-curs\/","title":{"rendered":"Nules segueix apostant per la inf\u00e0ncia amb la programaci\u00f3 de diferents activitats per al present curs"},"content":{"rendered":"\n<p><strong>Va dirigida al p\u00fablic de 3 a 12 anys i la inscripci\u00f3 es pot fer a partir del 30 de setembre<\/strong><\/p>\n\n\n\n<p>L\u2019Ajuntament de Nules segueix treballant en l\u2019organitzaci\u00f3 d\u2019una programaci\u00f3 per a aconseguir que la inf\u00e0ncia de la localitat compte amb diferents activitats al llarg del present curs 2025-2026. En concret, les activitats es desenvoluparant als mesos d\u2019octubre a maig i van dirigides als xiquets i xiquetes d\u2019entre 3 i 12 anys, principalment.<\/p>\n\n\n\n<p>En aquest sentit, entre l\u2019ampla oferta d\u2019activitats que es desenvoluparan al Casal Jove cal destacar com a novetats diferents tallers com ara el taller \u201cLa f\u00e0brica de sommis\u201d per a xiquets i xiquetes de 6 a 12 anys, un taller de manualitats dissenyat per a fomentar la creativitat, el treball en equip i l\u2019expressi\u00f3 corporal; aix\u00ed mateix el p\u00fablic infantil d\u2019aquesta edat tamb\u00e9 podr\u00e0 participar del taller d\u2019art digital anomenat \u201cDibuix amb tauleta gr\u00e0fica\u201d, un espai enfocat a desenvolupar habilitats art\u00edstiques mentre es familiaritzen amb les eines digitals; altra de les novetats que s\u2019incorpora a aquesta programaci\u00f3 \u00e9s el taller \u201cAnem de Musical\u201d on els xiquets i xiquetes participants d\u2019entre 6 i 12 anys podran descobrir el m\u00f3n dels musicals combinant l\u2019expressi\u00f3 corporal, interpretaci\u00f3, cant i ball; a m\u00e9s els xiquets i xiquetes de 4 a 9 anys compten amb un nou taller \u201cPinta\u2019m un conte\u201d amb el qual es vol potenciar la imaginaci\u00f3, el gust per la lectura i el desenvolupament de la creativitat a trav\u00e9s de les arts visuals.<\/p>\n\n\n\n<p>Aix\u00ed mateix, la programaci\u00f3 compta amb altres activitats i tallers que compten amb una gran acceptaci\u00f3 en els darrers anys, com ara \u201cEnglish. Inici\u201d, \u201cPsicomotricitat\u201d, \u201cEscacs\u201d, \u201cRob\u00f2tica.Lego\u201d, \u201cMinicraft\u201d, \u201cBall de sal\u00f3\u201d, o \u201cBall urb\u00e0\u201d.&nbsp;&nbsp;<\/p>\n\n\n\n<p>Les activitats compten totes amb places limitades i cal matricular-se abans, aix\u00ed la inscripci\u00f3 es podr\u00e0 fer al casal Jove a partir del 30 de setembre de dilluns a divendres en horari de 10.30 a 14.00 hores.<\/p>\n\n\n\n<p>Davant a\u00e7\u00f2, la regidora d\u2019Inf\u00e0ncia, Rosa Ventura, comenta que \u201cdes de l\u2019ajuntament seguim apostant per la nostra inf\u00e0ncia programant al llarg de l\u2019any diferents activitats de formaci\u00f3, d\u2019oci i de motivaci\u00f3 per a ella\u201d.<\/p>\n","protected":false},"excerpt":{"rendered":"<p>Va dirigida al p\u00fablic de 3 a 12 anys i la inscripci\u00f3 es pot fer a partir del 30 de setembre L\u2019Ajuntament de Nules segueix treballant en l\u2019organitzaci\u00f3 d\u2019una programaci\u00f3 per a aconseguir que la inf\u00e0ncia de la localitat compte amb diferents activitats al llarg del present curs 2025-2026. En concret, les activitats es desenvoluparant &#8230; <a title=\"Nules segueix apostant per la inf\u00e0ncia amb la programaci\u00f3 de diferents activitats per al present curs\" class=\"read-more\" href=\"https:\/\/elcafedepipa.com\/index.php\/2025\/09\/12\/nules-segueix-apostant-per-la-infancia-amb-la-programacio-de-diferents-activitats-per-al-present-curs\/\" aria-label=\"M\u00e9s informaci\u00f3 sobre Nules segueix apostant per la inf\u00e0ncia amb la programaci\u00f3 de diferents activitats per al present curs\">Read more<\/a><\/p>\n","protected":false},"author":2,"featured_media":16875,"comment_status":"closed","ping_status":"closed","sticky":false,"template":"","format":"standard","meta":{"om_disable_all_campaigns":false,"_monsterinsights_skip_tracking":false,"_monsterinsights_sitenote_active":false,"_monsterinsights_sitenote_note":"","_monsterinsights_sitenote_category":0,"_uf_show_specific_survey":0,"_uf_disable_surveys":false,"footnotes":""},"categories":[3],"tags":[],"class_list":["post-16874","post","type-post","status-publish","format-standard","has-post-thumbnail","hentry","category-nules"],"_links":{"self":[{"href":"https:\/\/elcafedepipa.com\/index.php\/wp-json\/wp\/v2\/posts\/16874","targetHints":{"allow":["GET"]}}],"collection":[{"href":"https:\/\/elcafedepipa.com\/index.php\/wp-json\/wp\/v2\/posts"}],"about":[{"href":"https:\/\/elcafedepipa.com\/index.php\/wp-json\/wp\/v2\/types\/post"}],"author":[{"embeddable":true,"href":"https:\/\/elcafedepipa.com\/index.php\/wp-json\/wp\/v2\/users\/2"}],"replies":[{"embeddable":true,"href":"https:\/\/elcafedepipa.com\/index.php\/wp-json\/wp\/v2\/comments?post=16874"}],"version-history":[{"count":1,"href":"https:\/\/elcafedepipa.com\/index.php\/wp-json\/wp\/v2\/posts\/16874\/revisions"}],"predecessor-version":[{"id":16876,"href":"https:\/\/elcafedepipa.com\/index.php\/wp-json\/wp\/v2\/posts\/16874\/revisions\/16876"}],"wp:featuredmedia":[{"embeddable":true,"href":"https:\/\/elcafedepipa.com\/index.php\/wp-json\/wp\/v2\/media\/16875"}],"wp:attachment":[{"href":"https:\/\/elcafedepipa.com\/index.php\/wp-json\/wp\/v2\/media?parent=16874"}],"wp:term":[{"taxonomy":"category","embeddable":true,"href":"https:\/\/elcafedepipa.com\/index.php\/wp-json\/wp\/v2\/categories?post=16874"},{"taxonomy":"post_tag","embeddable":true,"href":"https:\/\/elcafedepipa.com\/index.php\/wp-json\/wp\/v2\/tags?post=16874"}],"curies":[{"name":"wp","href":"https:\/\/api.w.org\/{rel}","templated":true}]}}