{"id":16871,"date":"2025-09-12T15:25:11","date_gmt":"2025-09-12T13:25:11","guid":{"rendered":"https:\/\/elcafedepipa.com\/?p=16871"},"modified":"2025-09-12T15:25:11","modified_gmt":"2025-09-12T13:25:11","slug":"el-consorci-llanca-el-programa-escenaris-de-memoria-castello-sud","status":"publish","type":"post","link":"https:\/\/elcafedepipa.com\/index.php\/2025\/09\/12\/el-consorci-llanca-el-programa-escenaris-de-memoria-castello-sud\/","title":{"rendered":"El Consorci llan\u00e7a el programa \u201cEscenaris de Mem\u00f2ria\u00a0 Castell\u00f3\u202fSud\u201d"},"content":{"rendered":"\n<h3 class=\"wp-block-heading\"><strong>Quatre activitats gratu\u00eftes al setembre i octubre per apropar el patrimoni b\u00e8l\u00b7lic a la ciutadania.<\/strong><\/h3>\n\n\n\n<p>El Consorci Gestor del Pacte Territorial per l&#8217;Ocupaci\u00f3 de la Plana Baixa presenta un programa de dinamitzaci\u00f3 del patrimoni b\u00e8l\u00b7lic de Castell\u00f3\u202fSud, dissenyat per afavorir la visita als vestigis de la Guerra Civil posats en valor al territori.<\/p>\n\n\n\n<p><strong>Cicle d\u2019activitats per donar inici a la tardor a Castell\u00f3\u202fSud<\/strong><\/p>\n\n\n\n<p>El programa plantejat est\u00e0 destinat a un p\u00fablic de proximitat, durant les setmanes de temporada baixa del la destinaci\u00f3. Totes les activitats seran gratu\u00eftes, per\u00f2 ser\u00e0 necessari inscriure\u2019s mitjan\u00e7ant un formulari en l\u00ednia ja que l\u2019aforament \u00e9s limitat per a garantir la qualitat de cada experi\u00e8ncia. La informaci\u00f3 est\u00e0 disponible a <a href=\"http:\/\/www.castellosud.es\/\">www.castellosud.es<\/a><\/p>\n\n\n\n<p><strong>Programa d\u2019activitats<\/strong><\/p>\n\n\n\n<ul class=\"wp-block-list\">\n<li>20 de setembre a les 18h (la Vall d\u2019Uix\u00f3): Sons del Fort\u00ed de la Creueta: caminada per senda cap al vestigi des de la Tourist Info, seguida d\u2019un concert ac\u00fastic en un entorn ple d\u2019hist\u00f2ria.<\/li>\n\n\n\n<li>27 de setembre a les 22h (Moncofa): Cel il\u00b7luminat al Niu d\u2019Amplets: observaci\u00f3 astron\u00f2mica amb telescopis junt al niu d\u2019ametralladores d\u2019Amplets.<\/li>\n\n\n\n<li>5 d\u2019octubre (Artana) a les 11h: Arque\u00f2legs per un dia: taller d\u2019iniciaci\u00f3 a l\u2019arqueologia per a p\u00fablic familiar al Paratge de Santa Cristina.<\/li>\n\n\n\n<li>18 d\u2019octubre (Nules) a les 19:30h: Nules sota les bombes: ruta pel casc hist\u00f2ric per con\u00e8ixer els bombardejos que van destruir gran part del municipi i la seva reconstrucci\u00f3 posterior.<\/li>\n<\/ul>\n\n\n\n<p><strong>Un patrimoni recuperat i posat en valor<\/strong><\/p>\n\n\n\n<p>El niu d\u2019ametralladores d\u2019Amplets (Moncofa) i el Fort\u00ed de la Creueta (La Vall d\u2019Uix\u00f3) foren posats en valor pel Consorci mitjan\u00e7ant excavacions arqueol\u00f2giques gr\u00e0cies a les subvencions dels Plans de Dinamitzaci\u00f3 i Governan\u00e7a Tur\u00edstica de 2021 i 2022 respectivament. Pel que fa a Artana, com que els vestigis estan ubicats en un punt de dif\u00edcil acc\u00e9s, s\u2019ha optat per una activitat familiar al Paratge de Santa Cristina. Finalment, a Nules, la ruta urbana guiada permetr\u00e0 con\u00e8ixer els fets ocorreguts el 1938.<\/p>\n\n\n\n<p><strong>Castell\u00f3\u202fSud, una destinaci\u00f3 que no oblida la seua hist\u00f2ria<\/strong><\/p>\n\n\n\n<p>Per les caracter\u00edstiques de la destinaci\u00f3, els vestigis b\u00e8l\u00b7lics de Castell\u00f3\u202fSud es poden visitar durant tot l\u2019any, i la seua ubicaci\u00f3 en zones de muntanya, litoral i cascs urbans constitueix un fil conductor del territori, podent-se descobrir amb la seua visita el paisatge i el patrimoni arquitect\u00f2nic dels deu municipis.<\/p>\n\n\n\n<p>A m\u00e9s, tamb\u00e9 esdev\u00e9 una proposta cultural de gran import\u00e0ncia per als habitants i un atractiu per a segments de visitants especialitzats. Per tot aix\u00f2, la Comissi\u00f3 T\u00e8cnica de Turisme del Consorci, formada per t\u00e8cnics dels municipis consorciats, va acordar des de l\u2019inici que aquest patrimoni fos degudament recuperat i dinamitzat.<\/p>\n\n\n\n<p>Aquesta acci\u00f3 s\u2019integra en les l\u00ednies del Pla Estrat\u00e8gic de Turisme de Castell\u00f3\u202fSud 2025\u202f\u2013\u202f2030 i del Pla de Dest\u00ed Tur\u00edstic Intel\u00b7ligent,tots dos documents creats per al desenvolupament del turisme en el conjunt dels municipis.<\/p>\n","protected":false},"excerpt":{"rendered":"<p>Quatre activitats gratu\u00eftes al setembre i octubre per apropar el patrimoni b\u00e8l\u00b7lic a la ciutadania. El Consorci Gestor del Pacte Territorial per l&#8217;Ocupaci\u00f3 de la Plana Baixa presenta un programa de dinamitzaci\u00f3 del patrimoni b\u00e8l\u00b7lic de Castell\u00f3\u202fSud, dissenyat per afavorir la visita als vestigis de la Guerra Civil posats en valor al territori. Cicle d\u2019activitats &#8230; <a title=\"El Consorci llan\u00e7a el programa \u201cEscenaris de Mem\u00f2ria\u00a0 Castell\u00f3\u202fSud\u201d\" class=\"read-more\" href=\"https:\/\/elcafedepipa.com\/index.php\/2025\/09\/12\/el-consorci-llanca-el-programa-escenaris-de-memoria-castello-sud\/\" aria-label=\"M\u00e9s informaci\u00f3 sobre El Consorci llan\u00e7a el programa \u201cEscenaris de Mem\u00f2ria\u00a0 Castell\u00f3\u202fSud\u201d\">Read more<\/a><\/p>\n","protected":false},"author":2,"featured_media":16872,"comment_status":"closed","ping_status":"closed","sticky":false,"template":"","format":"standard","meta":{"om_disable_all_campaigns":false,"_monsterinsights_skip_tracking":false,"_monsterinsights_sitenote_active":false,"_monsterinsights_sitenote_note":"","_monsterinsights_sitenote_category":0,"_uf_show_specific_survey":0,"_uf_disable_surveys":false,"footnotes":""},"categories":[1],"tags":[],"class_list":["post-16871","post","type-post","status-publish","format-standard","has-post-thumbnail","hentry","category-non-classe"],"_links":{"self":[{"href":"https:\/\/elcafedepipa.com\/index.php\/wp-json\/wp\/v2\/posts\/16871","targetHints":{"allow":["GET"]}}],"collection":[{"href":"https:\/\/elcafedepipa.com\/index.php\/wp-json\/wp\/v2\/posts"}],"about":[{"href":"https:\/\/elcafedepipa.com\/index.php\/wp-json\/wp\/v2\/types\/post"}],"author":[{"embeddable":true,"href":"https:\/\/elcafedepipa.com\/index.php\/wp-json\/wp\/v2\/users\/2"}],"replies":[{"embeddable":true,"href":"https:\/\/elcafedepipa.com\/index.php\/wp-json\/wp\/v2\/comments?post=16871"}],"version-history":[{"count":1,"href":"https:\/\/elcafedepipa.com\/index.php\/wp-json\/wp\/v2\/posts\/16871\/revisions"}],"predecessor-version":[{"id":16873,"href":"https:\/\/elcafedepipa.com\/index.php\/wp-json\/wp\/v2\/posts\/16871\/revisions\/16873"}],"wp:featuredmedia":[{"embeddable":true,"href":"https:\/\/elcafedepipa.com\/index.php\/wp-json\/wp\/v2\/media\/16872"}],"wp:attachment":[{"href":"https:\/\/elcafedepipa.com\/index.php\/wp-json\/wp\/v2\/media?parent=16871"}],"wp:term":[{"taxonomy":"category","embeddable":true,"href":"https:\/\/elcafedepipa.com\/index.php\/wp-json\/wp\/v2\/categories?post=16871"},{"taxonomy":"post_tag","embeddable":true,"href":"https:\/\/elcafedepipa.com\/index.php\/wp-json\/wp\/v2\/tags?post=16871"}],"curies":[{"name":"wp","href":"https:\/\/api.w.org\/{rel}","templated":true}]}}