{"id":16868,"date":"2025-09-12T15:22:35","date_gmt":"2025-09-12T13:22:35","guid":{"rendered":"https:\/\/elcafedepipa.com\/?p=16868"},"modified":"2025-09-12T15:22:36","modified_gmt":"2025-09-12T13:22:36","slug":"cgt-denuncia-davant-inspeccio-de-treball-la-situacio-critica-dels-barquers-de-les-coves-de-sant-josep","status":"publish","type":"post","link":"https:\/\/elcafedepipa.com\/index.php\/2025\/09\/12\/cgt-denuncia-davant-inspeccio-de-treball-la-situacio-critica-dels-barquers-de-les-coves-de-sant-josep\/","title":{"rendered":"CGT denuncia davant Inspecci\u00f3 de Treball la \u201csituaci\u00f3 cr\u00edtica\u201d dels barquers de les Coves de Sant Josep"},"content":{"rendered":"\n<p><strong>La Confederaci\u00f3 General del Treball (CGT) de Castell\u00f3 ha presentat davant Inspecci\u00f3 de Treball una den\u00fancia contra l&#8217;Entitat Municipal de Serveis de la Vall d&#8217;Uix\u00f3 SL (EMSEVALL), empresa que gestiona les Coves de Sant Josep, per la \u201csituaci\u00f3 cr\u00edtica\u201d dels treballadors i treballadores que realitzen les funcions de barquer.<\/strong><\/p>\n\n\n\n<p><em>La Confederaci\u00f3 General del Treball (CGT) de Castell\u00f3 ha presentat davant Inspecci\u00f3 de Treball una den\u00fancia contra l&#8217;Entitat Municipal de Serveis de la Vall d&#8217;Uix\u00f3 SL (EMSEVALL), empresa que gestiona les Coves de Sant Josep, per la \u201csituaci\u00f3 cr\u00edtica\u201d dels treballadors i treballadores que realitzen les funcions de barquer.<\/em><\/p>\n\n\n\n<p>La Confederaci\u00f3 General del Treball (CGT) de Castell\u00f3 ha presentat davant Inspecci\u00f3 de Treball una den\u00fancia contra l&#8217;Entitat Municipal de Serveis de la Vall d&#8217;Uix\u00f3 SL (EMSEVALL), empresa p\u00fablica de l&#8217;Ajuntament de la Vall d&#8217;Uix\u00f3 que gestiona les Coves de Sant Josep, per la \u201csituaci\u00f3 cr\u00edtica\u201d dels treballadors i treballadores que realitzen les funcions de barquer. Actualment, entre el personal de EMSEVALL hi ha m\u00e9s de 30 persones que es classifiquen en el lloc de treball de barquer.<\/p>\n\n\n\n<p>Segons denuncien des de la Federaci\u00f3 Intercomarcal de CGT a Castell\u00f3 \u201cdes de 2024, al fil de les negociacions del nou Conveni Col\u00b7lectiu que va negociant-se entre l&#8217;Ajuntament de la Vall d&#8217;Uix\u00f3 i els treballadors i treballadores de l&#8217;empresa, s&#8217;ha succe\u00eft una s\u00e8rie de pr\u00e0ctiques que atempten contra la dignitat d\u2019aquestes, especialment amb les barqueres i barquers, comprometent-se seriosament la salut f\u00edsica i mental d&#8217;aquests, a m\u00e9s de deteriorar-se dram\u00e0ticament les condicions laborals i de seguretat dels treballadors i treballadores, especialment des que diversos d&#8217;ells van plantejar realitzar una vaga per a la defensa dels seus interessos\u201d. El sindicat llibertari ressalta que hi ha acomiadaments, procediments sancionadors i baixes per ansietat i estr\u00e9s \u201cen una quantitat an\u00f2mala en comparaci\u00f3 amb empreses de similar grand\u00e0ria i sector, justament contra els qui van promoure la vaga com a mesura de pressi\u00f3 en la negociaci\u00f3 col\u00b7lectiva\u201d. \u201cAix\u00ed, tres dels treballadors que van arribar a signar la vaga, tenen judicis pendents amb l&#8217;empresa, dos per acomiadament i un altre per assetjament laboral; es t\u00e9 const\u00e0ncia que actualment un ter\u00e7 de la plantilla de barquers (11 treballadors\/es) es troben en situaci\u00f3 de baixa\u201d expliquen des de CGT.<\/p>\n\n\n\n<p>CGT tamb\u00e9 denuncia la problem\u00e0tica de la pres\u00e8ncia de gas Rad\u00f3 en les Coves de Sant Josep. El gas Rad\u00f3 \u00e9s un gas radioactiu, incolor i ins\u00edpid que es forma de manera natural per la desintegraci\u00f3 d&#8217;elements del s\u00f2l o roques i s&#8217;acumula especialment en escletxes, buits o especialment en coves. La inhalaci\u00f3 d&#8217;aquest gas a nivells alts pot produir greus problemes respiratoris, cel\u00b7lulars i c\u00e0ncer de pulm\u00f3 entre altres. En eixe sentit el sindicat informa que \u201cs&#8217;ha sol\u00b7licitat de manera reiterada pels treballadors els mesuraments que han hagut d&#8217;efectuar-se del referit gas sense que fins a la data de hui s&#8217;haja donat trasllat de cap, desconeixent de fet si han existit; A m\u00e9s no es t\u00e9 const\u00e0ncia de l&#8217;exist\u00e8ncia d&#8217;un pla de prevenci\u00f3 ni molt menys de vigil\u00e0ncia de la salut respecte a aquesta problem\u00e0tica, malgrat la gravetat de les malalties que pot arribar a produir la seua exposici\u00f3 prolongada, sent l&#8217;\u00fanica mesura individual, que no col\u00b7lectiva, adoptada la utilitzaci\u00f3 de m\u00e0scares\u201d.<\/p>\n\n\n\n<p>CGT sol\u00b7licita a Inspecci\u00f3 de Treball que a m\u00e9s de realitzar les comprovacions oportunes, exigisca a EMSEVALL el Pla de Riscos Laborals, l&#8217;informe d&#8217;avaluaci\u00f3 de riscos en mat\u00e8ria de seguretat i salut, la realitzaci\u00f3 dels tests de riscos psicosocials, la relaci\u00f3 dels accidents de treball i malalties que hagen causat als treballadors i treballadores una incapacitat superior a un dia, el llistat d&#8217;expedients disciplinaris oberts en els anys 2024 i 2025, la documentaci\u00f3 concernent als mesuraments del gas Rad\u00f3, els plans de prevenci\u00f3 i vigil\u00e0ncia sobre l&#8217;exposici\u00f3 al gas i la valoraci\u00f3 sobre si l&#8217;exposici\u00f3 de les que realitzen les funcions de barquer \u00e9s mereixedora del plus de pen\u00faria, perillositat i toxicitat de l&#8217;article 43 del Conveni Col\u00b7lectiu d&#8217;empresa i si \u00e9s el cas, s&#8217;expedisca les corresponents actes d&#8217;infracci\u00f3.<\/p>\n","protected":false},"excerpt":{"rendered":"<p>La Confederaci\u00f3 General del Treball (CGT) de Castell\u00f3 ha presentat davant Inspecci\u00f3 de Treball una den\u00fancia contra l&#8217;Entitat Municipal de Serveis de la Vall d&#8217;Uix\u00f3 SL (EMSEVALL), empresa que gestiona les Coves de Sant Josep, per la \u201csituaci\u00f3 cr\u00edtica\u201d dels treballadors i treballadores que realitzen les funcions de barquer. La Confederaci\u00f3 General del Treball (CGT) &#8230; <a title=\"CGT denuncia davant Inspecci\u00f3 de Treball la \u201csituaci\u00f3 cr\u00edtica\u201d dels barquers de les Coves de Sant Josep\" class=\"read-more\" href=\"https:\/\/elcafedepipa.com\/index.php\/2025\/09\/12\/cgt-denuncia-davant-inspeccio-de-treball-la-situacio-critica-dels-barquers-de-les-coves-de-sant-josep\/\" aria-label=\"M\u00e9s informaci\u00f3 sobre CGT denuncia davant Inspecci\u00f3 de Treball la \u201csituaci\u00f3 cr\u00edtica\u201d dels barquers de les Coves de Sant Josep\">Read more<\/a><\/p>\n","protected":false},"author":2,"featured_media":16869,"comment_status":"closed","ping_status":"closed","sticky":false,"template":"","format":"standard","meta":{"om_disable_all_campaigns":false,"_monsterinsights_skip_tracking":false,"_monsterinsights_sitenote_active":false,"_monsterinsights_sitenote_note":"","_monsterinsights_sitenote_category":0,"_uf_show_specific_survey":0,"_uf_disable_surveys":false,"footnotes":""},"categories":[1],"tags":[],"class_list":["post-16868","post","type-post","status-publish","format-standard","has-post-thumbnail","hentry","category-non-classe"],"_links":{"self":[{"href":"https:\/\/elcafedepipa.com\/index.php\/wp-json\/wp\/v2\/posts\/16868","targetHints":{"allow":["GET"]}}],"collection":[{"href":"https:\/\/elcafedepipa.com\/index.php\/wp-json\/wp\/v2\/posts"}],"about":[{"href":"https:\/\/elcafedepipa.com\/index.php\/wp-json\/wp\/v2\/types\/post"}],"author":[{"embeddable":true,"href":"https:\/\/elcafedepipa.com\/index.php\/wp-json\/wp\/v2\/users\/2"}],"replies":[{"embeddable":true,"href":"https:\/\/elcafedepipa.com\/index.php\/wp-json\/wp\/v2\/comments?post=16868"}],"version-history":[{"count":1,"href":"https:\/\/elcafedepipa.com\/index.php\/wp-json\/wp\/v2\/posts\/16868\/revisions"}],"predecessor-version":[{"id":16870,"href":"https:\/\/elcafedepipa.com\/index.php\/wp-json\/wp\/v2\/posts\/16868\/revisions\/16870"}],"wp:featuredmedia":[{"embeddable":true,"href":"https:\/\/elcafedepipa.com\/index.php\/wp-json\/wp\/v2\/media\/16869"}],"wp:attachment":[{"href":"https:\/\/elcafedepipa.com\/index.php\/wp-json\/wp\/v2\/media?parent=16868"}],"wp:term":[{"taxonomy":"category","embeddable":true,"href":"https:\/\/elcafedepipa.com\/index.php\/wp-json\/wp\/v2\/categories?post=16868"},{"taxonomy":"post_tag","embeddable":true,"href":"https:\/\/elcafedepipa.com\/index.php\/wp-json\/wp\/v2\/tags?post=16868"}],"curies":[{"name":"wp","href":"https:\/\/api.w.org\/{rel}","templated":true}]}}