{"id":16865,"date":"2025-09-12T15:20:17","date_gmt":"2025-09-12T13:20:17","guid":{"rendered":"https:\/\/elcafedepipa.com\/?p=16865"},"modified":"2025-09-12T15:20:17","modified_gmt":"2025-09-12T13:20:17","slug":"el-pp-de-la-vall-sollicita-la-clausura-del-parc-del-poligon-iii-per-a-desratitzar-la-zona-de-jocs-davant-les-queixes-de-les-families-per-falta-de-manteniment","status":"publish","type":"post","link":"https:\/\/elcafedepipa.com\/index.php\/2025\/09\/12\/el-pp-de-la-vall-sollicita-la-clausura-del-parc-del-poligon-iii-per-a-desratitzar-la-zona-de-jocs-davant-les-queixes-de-les-families-per-falta-de-manteniment\/","title":{"rendered":"El PP de la Vall sol\u00b7licita la clausura del parc del Pol\u00edgon III per a desratitzar la zona de jocs &#8220;davant les queixes de les fam\u00edlies per falta de manteniment&#8221;"},"content":{"rendered":"\n<p>El Grup Municipal del Partit Popular en la Vall ha reclamat a l&#8217;ajuntament que presidix Tania Ba\u00f1os la clausura temporal del parc del Pol\u00edgon III davant la pres\u00e8ncia massiva de rosegadors que exigix una desratitzaci\u00f3 immediata de l&#8217;\u00e0rea de jocs.<\/p>\n\n\n\n<p>Les protestes de moltes fam\u00edlies han arribat al PP qui s&#8217;ha fet eco de la necessitat de \u201cbuscar solucions\u201d. I les reclamen despr\u00e9s que el portaveu del PP, Herminio Serra, es despla\u00e7ara fins al parc per a comprovar en primera persona la situaci\u00f3. \u201cEn menys de quinze minuts hem vist una vintena de rosegadors\u201d, ha manifestat.<\/p>\n\n\n\n<p>Aix\u00ed les coses, la primera acci\u00f3 que reclama el PP \u00e9s la d&#8217;aplicar un tractament que frene la reproducci\u00f3 de rosegadors. \u201cI per a aix\u00f2 \u00e9s necessari suspendre l&#8217;\u00fas del parc de manera temporal\u201d, explica Herminio Serra, portaveu del PP en la localitat.<\/p>\n\n\n\n<p>Serra assenyala que \u201cno \u00e9s la primera vegada que posem el focus en este aband\u00f3\u201d. \u201c\u00c9s una cosa dram\u00e0ticament habitual\u201d. I \u00e9s conseq\u00fc\u00e8ncia \u201cde la falta de manteniment de l&#8217;equip de govern sobre estos entorns p\u00fablics\u201d. Per al cas del parc del Pol\u00edgon III, \u201cla pres\u00e8ncia de rates \u00e9s ja un extrem que no es pot tolerar\u201d.<\/p>\n\n\n\n<p>Per aix\u00f2, el portaveu del PP exigix garantir la salut p\u00fablica dels usuaris. \u201cLes rates transmeten malalties. El consistori ha de prendre una decisi\u00f3 immediatament i evitar qualsevol perill sobre els menors\u201d, assenyala Serra.<\/p>\n\n\n\n<p>Aix\u00ed mateix, apel\u00b7la a la compet\u00e8ncia municipal en mat\u00e8ria de seguretat per a espais p\u00fablics. \u201cHem de mantindre en condicions estos entorns perqu\u00e8, en cas contrari, exposem als ve\u00efns a riscos indeguts\u201d. I en relaci\u00f3 a esta obligaci\u00f3, el regidor recorda a Ba\u00f1os que \u201csi \u00e9s diligent a l&#8217;hora de cobrar impostos, tamb\u00e9 hauria de ser-ho a l&#8217;hora de prestar servicis. No es pot imposar una pressi\u00f3 fiscal de primera i donar servicis de tercera\u201d, ha declarat el portaveu del PP.<\/p>\n\n\n\n<p>Per tot aix\u00f2, el PP exigix a l&#8217;equip de govern de Tania Ba\u00f1os \u201csoluciones\u201d. \u201cEl desistiment de funcions del PSOE no pot acabar provocant que els nostres espais p\u00fablics estiguen buits. Exigim solucions. El problema \u00e9s que Tania Ba\u00f1os est\u00e0 m\u00e9s ocupada a blindar la seua carrera pol\u00edtica que a servir al seu poble\u201d, ha manifestat Serra.<\/p>\n","protected":false},"excerpt":{"rendered":"<p>El Grup Municipal del Partit Popular en la Vall ha reclamat a l&#8217;ajuntament que presidix Tania Ba\u00f1os la clausura temporal del parc del Pol\u00edgon III davant la pres\u00e8ncia massiva de rosegadors que exigix una desratitzaci\u00f3 immediata de l&#8217;\u00e0rea de jocs. Les protestes de moltes fam\u00edlies han arribat al PP qui s&#8217;ha fet eco de la &#8230; <a title=\"El PP de la Vall sol\u00b7licita la clausura del parc del Pol\u00edgon III per a desratitzar la zona de jocs &#8220;davant les queixes de les fam\u00edlies per falta de manteniment&#8221;\" class=\"read-more\" href=\"https:\/\/elcafedepipa.com\/index.php\/2025\/09\/12\/el-pp-de-la-vall-sollicita-la-clausura-del-parc-del-poligon-iii-per-a-desratitzar-la-zona-de-jocs-davant-les-queixes-de-les-families-per-falta-de-manteniment\/\" aria-label=\"M\u00e9s informaci\u00f3 sobre El PP de la Vall sol\u00b7licita la clausura del parc del Pol\u00edgon III per a desratitzar la zona de jocs &#8220;davant les queixes de les fam\u00edlies per falta de manteniment&#8221;\">Read more<\/a><\/p>\n","protected":false},"author":2,"featured_media":16866,"comment_status":"closed","ping_status":"closed","sticky":false,"template":"","format":"standard","meta":{"om_disable_all_campaigns":false,"_monsterinsights_skip_tracking":false,"_monsterinsights_sitenote_active":false,"_monsterinsights_sitenote_note":"","_monsterinsights_sitenote_category":0,"_uf_show_specific_survey":0,"_uf_disable_surveys":false,"footnotes":""},"categories":[1],"tags":[],"class_list":["post-16865","post","type-post","status-publish","format-standard","has-post-thumbnail","hentry","category-non-classe"],"_links":{"self":[{"href":"https:\/\/elcafedepipa.com\/index.php\/wp-json\/wp\/v2\/posts\/16865","targetHints":{"allow":["GET"]}}],"collection":[{"href":"https:\/\/elcafedepipa.com\/index.php\/wp-json\/wp\/v2\/posts"}],"about":[{"href":"https:\/\/elcafedepipa.com\/index.php\/wp-json\/wp\/v2\/types\/post"}],"author":[{"embeddable":true,"href":"https:\/\/elcafedepipa.com\/index.php\/wp-json\/wp\/v2\/users\/2"}],"replies":[{"embeddable":true,"href":"https:\/\/elcafedepipa.com\/index.php\/wp-json\/wp\/v2\/comments?post=16865"}],"version-history":[{"count":1,"href":"https:\/\/elcafedepipa.com\/index.php\/wp-json\/wp\/v2\/posts\/16865\/revisions"}],"predecessor-version":[{"id":16867,"href":"https:\/\/elcafedepipa.com\/index.php\/wp-json\/wp\/v2\/posts\/16865\/revisions\/16867"}],"wp:featuredmedia":[{"embeddable":true,"href":"https:\/\/elcafedepipa.com\/index.php\/wp-json\/wp\/v2\/media\/16866"}],"wp:attachment":[{"href":"https:\/\/elcafedepipa.com\/index.php\/wp-json\/wp\/v2\/media?parent=16865"}],"wp:term":[{"taxonomy":"category","embeddable":true,"href":"https:\/\/elcafedepipa.com\/index.php\/wp-json\/wp\/v2\/categories?post=16865"},{"taxonomy":"post_tag","embeddable":true,"href":"https:\/\/elcafedepipa.com\/index.php\/wp-json\/wp\/v2\/tags?post=16865"}],"curies":[{"name":"wp","href":"https:\/\/api.w.org\/{rel}","templated":true}]}}