{"id":16860,"date":"2025-09-12T15:18:11","date_gmt":"2025-09-12T13:18:11","guid":{"rendered":"https:\/\/elcafedepipa.com\/?p=16860"},"modified":"2025-09-12T15:19:09","modified_gmt":"2025-09-12T13:19:09","slug":"la-vall-duixo-viura-el-concert-desther-i-la-fumiga-dins-de-la-programacio-de-la-carta-pobla","status":"publish","type":"post","link":"https:\/\/elcafedepipa.com\/index.php\/2025\/09\/12\/la-vall-duixo-viura-el-concert-desther-i-la-fumiga-dins-de-la-programacio-de-la-carta-pobla\/","title":{"rendered":"La Vall d\u2019Uix\u00f3 viur\u00e0 el concert d\u2019Esther i La F\u00famiga dins de la programaci\u00f3 de la Carta Pobla"},"content":{"rendered":"\n<p><strong>L\u2019esdeveniment ser\u00e0 el 25 d\u2019octubre a les 21.00 hores al recinte de festes, amb entrada lliure i gratu\u00efta<\/strong><\/p>\n\n\n\n<p>L\u2019Ajuntament de la Vall d\u2019Uix\u00f3 ha avan\u00e7at este mat\u00ed un dels plats forts de la programaci\u00f3 del <strong>775 aniversari de la Carta Pobla<\/strong>: el concert d\u2019<strong>Esther<\/strong> i <strong>La F\u00famiga<\/strong>, que tindr\u00e0 lloc el <strong>dissabte 25 d\u2019octubre a partir de les 21.00 hores al recinte de festes<\/strong>. L\u2019esdeveniment ser\u00e0 amb <strong>entrada lliure i gratu\u00efta<\/strong>, amb l\u2019objectiu d\u2019arribar a tota la ciutadania i especialment al p\u00fablic jove.<\/p>\n\n\n\n<p>L\u2019alcaldessa, <strong>Tania Ba\u00f1os<\/strong>, i el regidor de Cultura, Jorge Marqu\u00e9s, han destacat que la Carta Pobla \u00e9s \u201cmolt m\u00e9s que una commemoraci\u00f3 hist\u00f2rica: \u00e9s un moment de retrobament, d\u2019orgull de ciutat i tamb\u00e9 d\u2019obertura a la cultura en totes les seues expressions\u201d. Per al concert s\u2019ha triat la castellonenca Esther i La F\u00famiga, en una de les \u00faltimes oportunitats de l\u2019any per a veure al grup en la prov\u00edncia de Castell\u00f3.<\/p>\n\n\n\n<p><strong>Marqu\u00e9s<\/strong>, ha subratllat que \u201ceste concert \u00e9s una aposta per la <strong>cultura festiva accessible, que ens representa com a poble i per la m\u00fasica en valenci\u00e0<\/strong>\u201d. Aix\u00ed mateix, ha remarcat que \u201cla programaci\u00f3 de la Carta Pobla t\u00e9 un alt component de defensa i exaltaci\u00f3 de la nostra llengua, perqu\u00e8 forma part de la nostra identitat i patrimoni com a poble.<\/p>\n\n\n\n<p>Amb esta proposta, l\u2019Ajuntament refor\u00e7a la seua voluntat de <strong>programar activitats de qualitat, diverses i inclusives<\/strong>, que arriben a diferents p\u00fablics i generacions. \u201cVolem que la gent jove senta que la Carta Pobla tamb\u00e9 \u00e9s seua, que t\u00e9 propostes que els fan sentir part activa de la ciutat i que connecten amb les seues inquietuds\u201d, ha concl\u00f2s Ba\u00f1os. La programaci\u00f3 del <strong>775 aniversari de la Carta Pobla<\/strong> continuar\u00e0 oferint espectacles, tallers, activitats culturals i commemoratives, algunes tan destacades com este concert que, segons ha avan\u00e7at l\u2019Ajuntament, \u201cser\u00e0 un dels m\u00e9s multitudinaris i esperats de l\u2019any a la Vall d\u2019Uix\u00f3\u201d. Tots els actes i el disseny del cartell es presentaran p\u00fablicament el 21 de setembre a les 20.00 hores en la pla\u00e7a de l\u2019Assumpci\u00f3.<\/p>\n\n\n\n<figure class=\"wp-block-image size-large\"><img fetchpriority=\"high\" decoding=\"async\" width=\"819\" height=\"1024\" src=\"https:\/\/elcafedepipa.com\/wp-content\/uploads\/2025\/09\/LA-VALL-DUIXO-GENERAL-POST-819x1024.jpg\" alt=\"\" class=\"wp-image-16863\" srcset=\"https:\/\/elcafedepipa.com\/wp-content\/uploads\/2025\/09\/LA-VALL-DUIXO-GENERAL-POST-819x1024.jpg 819w, https:\/\/elcafedepipa.com\/wp-content\/uploads\/2025\/09\/LA-VALL-DUIXO-GENERAL-POST-240x300.jpg 240w, https:\/\/elcafedepipa.com\/wp-content\/uploads\/2025\/09\/LA-VALL-DUIXO-GENERAL-POST-768x960.jpg 768w, https:\/\/elcafedepipa.com\/wp-content\/uploads\/2025\/09\/LA-VALL-DUIXO-GENERAL-POST.jpg 1080w\" sizes=\"(max-width: 819px) 100vw, 819px\" \/><\/figure>\n","protected":false},"excerpt":{"rendered":"<p>L\u2019esdeveniment ser\u00e0 el 25 d\u2019octubre a les 21.00 hores al recinte de festes, amb entrada lliure i gratu\u00efta L\u2019Ajuntament de la Vall d\u2019Uix\u00f3 ha avan\u00e7at este mat\u00ed un dels plats forts de la programaci\u00f3 del 775 aniversari de la Carta Pobla: el concert d\u2019Esther i La F\u00famiga, que tindr\u00e0 lloc el dissabte 25 d\u2019octubre a &#8230; <a title=\"La Vall d\u2019Uix\u00f3 viur\u00e0 el concert d\u2019Esther i La F\u00famiga dins de la programaci\u00f3 de la Carta Pobla\" class=\"read-more\" href=\"https:\/\/elcafedepipa.com\/index.php\/2025\/09\/12\/la-vall-duixo-viura-el-concert-desther-i-la-fumiga-dins-de-la-programacio-de-la-carta-pobla\/\" aria-label=\"M\u00e9s informaci\u00f3 sobre La Vall d\u2019Uix\u00f3 viur\u00e0 el concert d\u2019Esther i La F\u00famiga dins de la programaci\u00f3 de la Carta Pobla\">Read more<\/a><\/p>\n","protected":false},"author":2,"featured_media":16861,"comment_status":"closed","ping_status":"closed","sticky":false,"template":"","format":"standard","meta":{"om_disable_all_campaigns":false,"_monsterinsights_skip_tracking":false,"_monsterinsights_sitenote_active":false,"_monsterinsights_sitenote_note":"","_monsterinsights_sitenote_category":0,"_uf_show_specific_survey":0,"_uf_disable_surveys":false,"footnotes":""},"categories":[1],"tags":[],"class_list":["post-16860","post","type-post","status-publish","format-standard","has-post-thumbnail","hentry","category-non-classe"],"_links":{"self":[{"href":"https:\/\/elcafedepipa.com\/index.php\/wp-json\/wp\/v2\/posts\/16860","targetHints":{"allow":["GET"]}}],"collection":[{"href":"https:\/\/elcafedepipa.com\/index.php\/wp-json\/wp\/v2\/posts"}],"about":[{"href":"https:\/\/elcafedepipa.com\/index.php\/wp-json\/wp\/v2\/types\/post"}],"author":[{"embeddable":true,"href":"https:\/\/elcafedepipa.com\/index.php\/wp-json\/wp\/v2\/users\/2"}],"replies":[{"embeddable":true,"href":"https:\/\/elcafedepipa.com\/index.php\/wp-json\/wp\/v2\/comments?post=16860"}],"version-history":[{"count":2,"href":"https:\/\/elcafedepipa.com\/index.php\/wp-json\/wp\/v2\/posts\/16860\/revisions"}],"predecessor-version":[{"id":16864,"href":"https:\/\/elcafedepipa.com\/index.php\/wp-json\/wp\/v2\/posts\/16860\/revisions\/16864"}],"wp:featuredmedia":[{"embeddable":true,"href":"https:\/\/elcafedepipa.com\/index.php\/wp-json\/wp\/v2\/media\/16861"}],"wp:attachment":[{"href":"https:\/\/elcafedepipa.com\/index.php\/wp-json\/wp\/v2\/media?parent=16860"}],"wp:term":[{"taxonomy":"category","embeddable":true,"href":"https:\/\/elcafedepipa.com\/index.php\/wp-json\/wp\/v2\/categories?post=16860"},{"taxonomy":"post_tag","embeddable":true,"href":"https:\/\/elcafedepipa.com\/index.php\/wp-json\/wp\/v2\/tags?post=16860"}],"curies":[{"name":"wp","href":"https:\/\/api.w.org\/{rel}","templated":true}]}}