{"id":16857,"date":"2025-09-12T15:16:42","date_gmt":"2025-09-12T13:16:42","guid":{"rendered":"https:\/\/elcafedepipa.com\/?p=16857"},"modified":"2025-09-12T15:16:43","modified_gmt":"2025-09-12T13:16:43","slug":"lajuntament-dalmenara-demana-a-costes-mesures-permanents-contra-lerosio-en-la-zona-sud-de-la-platja","status":"publish","type":"post","link":"https:\/\/elcafedepipa.com\/index.php\/2025\/09\/12\/lajuntament-dalmenara-demana-a-costes-mesures-permanents-contra-lerosio-en-la-zona-sud-de-la-platja\/","title":{"rendered":"L&#8217;AJUNTAMENT D&#8217;ALMENARA DEMANA A COSTES MESURES PERMANENTS CONTRA L&#8217;EROSI\u00d3 EN LA ZONA SUD DE LA PLATJA"},"content":{"rendered":"\n<p><strong>Plantegen elaborar un projecte amb xicotetes esculleres per a frenar la regressi\u00f3, q\u00fcesti\u00f3 que ha sigut acollida favorablement des de la Direcci\u00f3 Territorial<\/strong><\/p>\n\n\n\n<p>L&#8217;Ajuntament d&#8217;Almenara ha sol\u00b7licitat a la Direcci\u00f3 General de la Costa i la Mar l&#8217;elaboraci\u00f3 i execuci\u00f3 d&#8217;un projecte que permeta refor\u00e7ar de manera permanent el tram sud de la Platja Casablanca, molt afectat per l&#8217;erosi\u00f3.<\/p>\n\n\n\n<p>L&#8217;alcaldessa de la localitat, Est\u00edbaliz P\u00e9rez, ha traslladat aquesta demanda al director territorial de Costes a Castell\u00f3, Leonardo Monzon\u00eds, en una reuni\u00f3 celebrada sobre el terreny. La proposta ha sigut rebuda inicialment de manera favorable.<\/p>\n\n\n\n<p>Segons ha explicat P\u00e9rez, \u201chem demanat que s&#8217;estudie de manera priorit\u00e0ria la redacci\u00f3 i posterior execuci\u00f3 d&#8217;un projecte de refor\u00e7 dels m\u00e9s de 200 metres de litoral que es troben molt erosionats\u201d. La idea \u00e9s analitzar la construcci\u00f3 de xicotetes esculleres que permeten frenar la regressi\u00f3, protegir el passeig mar\u00edtim i els habitatges, i a m\u00e9s evitar la p\u00e8rdua cont\u00ednua de materials.<\/p>\n\n\n\n<p>L&#8217;alcaldessa ha recordat que la zona sud de la Platja Casablanca \u201cnecessita aportacions peri\u00f2diques de material per a contindre la regressi\u00f3\u201d, actuacions que cada vegada resulten m\u00e9s complicades a causa de les restriccions de les normatives mediambientals que limiten els per\u00edodes en les quals poden executar-se. \u201cAquestes limitacions dificulten que les aportacions es facen en el moment m\u00e9s oport\u00fa, motiu pel qual hem demanat la construcci\u00f3 de xicotetes esculleres\u201d, ha assenyalat.<\/p>\n\n\n\n<p>Des de Costas han confirmat que les aportacions previstes per a enguany es duran a terme pr\u00f2ximament, ja que la normativa ambiental ha impedit executar-les abans de l&#8217;estiu.<\/p>\n\n\n\n<p><strong>Millores en el passeig mar\u00edtim<\/strong><\/p>\n\n\n\n<p>A m\u00e9s de la protecci\u00f3 del litoral, l&#8217;alcaldessa ha plantejat a Costes la necessitat de millorar i reparar el Passeig Mar\u00edtim de fusta que recorre tamb\u00e9 la zona sud de la Platja Casablanca.<\/p>\n\n\n\n<p>En aquest sentit, es preveu mantindre noves reunions, fins i tot a Madrid, amb la Direcci\u00f3 General de la Costa i la Mar per a estudiar possibles alternatives que permeten substituir l&#8217;actual passeig de fusta per materials m\u00e9s moderns i resistents, menys vulnerables a l&#8217;erosi\u00f3 i al pas del temps.<\/p>\n\n\n\n<p>L&#8217;alcaldessa ha agra\u00eft la visita dels responsables de Costes a la prov\u00edncia i la disposici\u00f3 mostrada: \u201cHui han pogut comprovar de primera m\u00e0 l&#8217;estat del nostre litoral sud. Valorem positivament la seua predisposici\u00f3 a abordar un projecte que done una soluci\u00f3 permanent al problema de l&#8217;erosi\u00f3 i que permeta, al mateix temps, afrontar la millora del passeig mar\u00edtim\u201d.<\/p>\n","protected":false},"excerpt":{"rendered":"<p>Plantegen elaborar un projecte amb xicotetes esculleres per a frenar la regressi\u00f3, q\u00fcesti\u00f3 que ha sigut acollida favorablement des de la Direcci\u00f3 Territorial L&#8217;Ajuntament d&#8217;Almenara ha sol\u00b7licitat a la Direcci\u00f3 General de la Costa i la Mar l&#8217;elaboraci\u00f3 i execuci\u00f3 d&#8217;un projecte que permeta refor\u00e7ar de manera permanent el tram sud de la Platja Casablanca, &#8230; <a title=\"L&#8217;AJUNTAMENT D&#8217;ALMENARA DEMANA A COSTES MESURES PERMANENTS CONTRA L&#8217;EROSI\u00d3 EN LA ZONA SUD DE LA PLATJA\" class=\"read-more\" href=\"https:\/\/elcafedepipa.com\/index.php\/2025\/09\/12\/lajuntament-dalmenara-demana-a-costes-mesures-permanents-contra-lerosio-en-la-zona-sud-de-la-platja\/\" aria-label=\"M\u00e9s informaci\u00f3 sobre L&#8217;AJUNTAMENT D&#8217;ALMENARA DEMANA A COSTES MESURES PERMANENTS CONTRA L&#8217;EROSI\u00d3 EN LA ZONA SUD DE LA PLATJA\">Read more<\/a><\/p>\n","protected":false},"author":2,"featured_media":16858,"comment_status":"closed","ping_status":"closed","sticky":false,"template":"","format":"standard","meta":{"om_disable_all_campaigns":false,"_monsterinsights_skip_tracking":false,"_monsterinsights_sitenote_active":false,"_monsterinsights_sitenote_note":"","_monsterinsights_sitenote_category":0,"_uf_show_specific_survey":0,"_uf_disable_surveys":false,"footnotes":""},"categories":[5],"tags":[],"class_list":["post-16857","post","type-post","status-publish","format-standard","has-post-thumbnail","hentry","category-almenara"],"_links":{"self":[{"href":"https:\/\/elcafedepipa.com\/index.php\/wp-json\/wp\/v2\/posts\/16857","targetHints":{"allow":["GET"]}}],"collection":[{"href":"https:\/\/elcafedepipa.com\/index.php\/wp-json\/wp\/v2\/posts"}],"about":[{"href":"https:\/\/elcafedepipa.com\/index.php\/wp-json\/wp\/v2\/types\/post"}],"author":[{"embeddable":true,"href":"https:\/\/elcafedepipa.com\/index.php\/wp-json\/wp\/v2\/users\/2"}],"replies":[{"embeddable":true,"href":"https:\/\/elcafedepipa.com\/index.php\/wp-json\/wp\/v2\/comments?post=16857"}],"version-history":[{"count":1,"href":"https:\/\/elcafedepipa.com\/index.php\/wp-json\/wp\/v2\/posts\/16857\/revisions"}],"predecessor-version":[{"id":16859,"href":"https:\/\/elcafedepipa.com\/index.php\/wp-json\/wp\/v2\/posts\/16857\/revisions\/16859"}],"wp:featuredmedia":[{"embeddable":true,"href":"https:\/\/elcafedepipa.com\/index.php\/wp-json\/wp\/v2\/media\/16858"}],"wp:attachment":[{"href":"https:\/\/elcafedepipa.com\/index.php\/wp-json\/wp\/v2\/media?parent=16857"}],"wp:term":[{"taxonomy":"category","embeddable":true,"href":"https:\/\/elcafedepipa.com\/index.php\/wp-json\/wp\/v2\/categories?post=16857"},{"taxonomy":"post_tag","embeddable":true,"href":"https:\/\/elcafedepipa.com\/index.php\/wp-json\/wp\/v2\/tags?post=16857"}],"curies":[{"name":"wp","href":"https:\/\/api.w.org\/{rel}","templated":true}]}}