{"id":16842,"date":"2025-09-11T16:09:20","date_gmt":"2025-09-11T14:09:20","guid":{"rendered":"https:\/\/elcafedepipa.com\/?p=16842"},"modified":"2025-09-11T16:09:21","modified_gmt":"2025-09-11T14:09:21","slug":"barrachina-afirma-que-una-provincia-amb-pimes-que-saben-comunicar-es-una-provincia-amb-veu-propia-forta-reconeguda-i-amb-futur","status":"publish","type":"post","link":"https:\/\/elcafedepipa.com\/index.php\/2025\/09\/11\/barrachina-afirma-que-una-provincia-amb-pimes-que-saben-comunicar-es-una-provincia-amb-veu-propia-forta-reconeguda-i-amb-futur\/","title":{"rendered":"Barrachina afirma que una prov\u00edncia amb pimes que saben comunicar \u00e9s una prov\u00edncia amb veu pr\u00f2pia, forta, reconeguda i amb futur"},"content":{"rendered":"\n<ul class=\"wp-block-list\">\n<li><strong>La presidenta de la Diputaci\u00f3 enaltix la comunicaci\u00f3 en les II Jornades de Comunicaci\u00f3 i Pimes que ha reunit 250 directius i professionals i amb l&#8217;objectiu de reflexionar sobre el paper estrat\u00e8gic que exercix la comunicaci\u00f3 en la competitivitat i el creixement de les petites i mitjanes empreses<\/strong><\/li>\n<\/ul>\n\n\n\n<p>La presidenta de la Diputaci\u00f3 Provincial de Castell\u00f3 ha participat este dijous en en les II Jornades de Comunicaci\u00f3 i Pimes, organitzades per l&#8217;Associaci\u00f3 de Directius de Comunicaci\u00f3 de la Comunitat Valenciana i Regi\u00f3 de M\u00farcia (Dircom CVM) i que ha tingut lloc a l&#8217;Auditori i Palau de Congressos de Castell\u00f3. Un acte que ha fet de la capital de La Plana l&#8217;epicentre de la comunicaci\u00f3 empresarial, amb m\u00e9s de 250 directius i professionals \u201cque representeu la diversitat, l&#8217;energia i la capacitat d&#8217;innovaci\u00f3 de les nostres pimes\u201d. Aix\u00ed s&#8217;ha expressat la dirigent provincial qui ha incidit en qu\u00e8 \u201cla comunicaci\u00f3 \u00e9s empatia, \u00e9s proximitat i \u00e9s servei a les persones\u201d.<\/p>\n\n\n\n<p>Marta Barrachina ha subratllat la import\u00e0ncia d&#8217;estes jornades que tenen l&#8217;objectiu de reflexionar sobre el paper estrat\u00e8gic que exercix la comunicaci\u00f3 en la competitivitat i el creixement de les petites i mitjanes empreses. Per a la presidenta de la Diputaci\u00f3 \u201cuna prov\u00edncia amb pimes que saben comunicar \u00e9s una prov\u00edncia amb veu pr\u00f2pia, forta, reconeguda i amb futur\u201d.<\/p>\n","protected":false},"excerpt":{"rendered":"<p>La presidenta de la Diputaci\u00f3 Provincial de Castell\u00f3 ha participat este dijous en en les II Jornades de Comunicaci\u00f3 i Pimes, organitzades per l&#8217;Associaci\u00f3 de Directius de Comunicaci\u00f3 de la Comunitat Valenciana i Regi\u00f3 de M\u00farcia (Dircom CVM) i que ha tingut lloc a l&#8217;Auditori i Palau de Congressos de Castell\u00f3. Un acte que ha &#8230; <a title=\"Barrachina afirma que una prov\u00edncia amb pimes que saben comunicar \u00e9s una prov\u00edncia amb veu pr\u00f2pia, forta, reconeguda i amb futur\" class=\"read-more\" href=\"https:\/\/elcafedepipa.com\/index.php\/2025\/09\/11\/barrachina-afirma-que-una-provincia-amb-pimes-que-saben-comunicar-es-una-provincia-amb-veu-propia-forta-reconeguda-i-amb-futur\/\" aria-label=\"M\u00e9s informaci\u00f3 sobre Barrachina afirma que una prov\u00edncia amb pimes que saben comunicar \u00e9s una prov\u00edncia amb veu pr\u00f2pia, forta, reconeguda i amb futur\">Read more<\/a><\/p>\n","protected":false},"author":2,"featured_media":16843,"comment_status":"closed","ping_status":"closed","sticky":false,"template":"","format":"standard","meta":{"om_disable_all_campaigns":false,"_monsterinsights_skip_tracking":false,"_monsterinsights_sitenote_active":false,"_monsterinsights_sitenote_note":"","_monsterinsights_sitenote_category":0,"_uf_show_specific_survey":0,"_uf_disable_surveys":false,"footnotes":""},"categories":[10],"tags":[],"class_list":["post-16842","post","type-post","status-publish","format-standard","has-post-thumbnail","hentry","category-provinciadecastello"],"_links":{"self":[{"href":"https:\/\/elcafedepipa.com\/index.php\/wp-json\/wp\/v2\/posts\/16842","targetHints":{"allow":["GET"]}}],"collection":[{"href":"https:\/\/elcafedepipa.com\/index.php\/wp-json\/wp\/v2\/posts"}],"about":[{"href":"https:\/\/elcafedepipa.com\/index.php\/wp-json\/wp\/v2\/types\/post"}],"author":[{"embeddable":true,"href":"https:\/\/elcafedepipa.com\/index.php\/wp-json\/wp\/v2\/users\/2"}],"replies":[{"embeddable":true,"href":"https:\/\/elcafedepipa.com\/index.php\/wp-json\/wp\/v2\/comments?post=16842"}],"version-history":[{"count":1,"href":"https:\/\/elcafedepipa.com\/index.php\/wp-json\/wp\/v2\/posts\/16842\/revisions"}],"predecessor-version":[{"id":16844,"href":"https:\/\/elcafedepipa.com\/index.php\/wp-json\/wp\/v2\/posts\/16842\/revisions\/16844"}],"wp:featuredmedia":[{"embeddable":true,"href":"https:\/\/elcafedepipa.com\/index.php\/wp-json\/wp\/v2\/media\/16843"}],"wp:attachment":[{"href":"https:\/\/elcafedepipa.com\/index.php\/wp-json\/wp\/v2\/media?parent=16842"}],"wp:term":[{"taxonomy":"category","embeddable":true,"href":"https:\/\/elcafedepipa.com\/index.php\/wp-json\/wp\/v2\/categories?post=16842"},{"taxonomy":"post_tag","embeddable":true,"href":"https:\/\/elcafedepipa.com\/index.php\/wp-json\/wp\/v2\/tags?post=16842"}],"curies":[{"name":"wp","href":"https:\/\/api.w.org\/{rel}","templated":true}]}}