{"id":16839,"date":"2025-09-11T16:05:00","date_gmt":"2025-09-11T14:05:00","guid":{"rendered":"https:\/\/elcafedepipa.com\/?p=16839"},"modified":"2025-09-11T16:05:00","modified_gmt":"2025-09-11T14:05:00","slug":"vertits-illegals-a-la-vilavella-la-guardia-civil-investiga-al-propietari-duna-explotacio-porcina","status":"publish","type":"post","link":"https:\/\/elcafedepipa.com\/index.php\/2025\/09\/11\/vertits-illegals-a-la-vilavella-la-guardia-civil-investiga-al-propietari-duna-explotacio-porcina\/","title":{"rendered":"Vertits il\u00b7legals a la Vilavella. La Gu\u00e0rdia Civil investiga al propietari d&#8217;una explotaci\u00f3 porcina"},"content":{"rendered":"\n<p>El SEPRONA de la Gu\u00e0rdia Civil ha investigat el propietari d&#8217;una explotaci\u00f3 porcina a la Vilavella per la seua presumpta implicaci\u00f3 en un dels casos de contaminaci\u00f3 ambiental m\u00e9s greus detectats a la prov\u00edncia de Castell\u00f3 els darrers anys. Segons la investigaci\u00f3, entre el 2022 i el 2024 s&#8217;haurien abocat sense control m\u00e9s de 5,4 milions de litres de purins a diferents zones del municipi.<\/p>\n\n\n\n<p>El ramader hauria aprofitat episodis de pluja intensa per alliberar els residus sense ser detectats, diluint el pur\u00ed i dificultant la tra\u00e7abilitat dels abocaments. Els agents van trobar s\u00e8quies manipulades per canalitzar els residus i les restes en parcel\u00b7les forestals i al Barranc de Forns, que desemboca a la marjal de Nules-Borriana, declarada Zona d&#8217;Especial Protecci\u00f3 per a les Aus (ZEPA) i Lloc d&#8217;Inter\u00e8s Comunitari (LIC).<\/p>\n\n\n\n<p>Les an\u00e0lisis elaborades per l&#8217;Institut Nacional de Toxicologia i la Confederaci\u00f3 Hidrogr\u00e0fica del X\u00faquer van confirmar la pres\u00e8ncia de nitrats, amoni i mat\u00e8ria org\u00e0nica a s\u00f2ls i aig\u00fces, fet que suposa un risc greu de contaminaci\u00f3 d&#8217;aq\u00fc\u00edfers i d&#8217;alteraci\u00f3 irreversible d&#8217;ecosistemes. L&#8217;acumulaci\u00f3 de purins pot provocar eutrofitzaci\u00f3 en masses d&#8217;aigua, mortaldat de peixos i degradaci\u00f3 de la vegetaci\u00f3, a m\u00e9s de riscos directes per a la salut humana, especialment en lactants i col\u00b7lectius vulnerables.<\/p>\n\n\n\n<p>El cas ja \u00e9s a les mans dels jutjats de Nules, on s&#8217;investiguen possibles delictes contra els recursos naturals i el medi ambient. Cal recordar que el mateix investigat ja va ser denunciat el 2022 per abocaments similars a la marjal de Nules, cosa que agreuja la seua situaci\u00f3 judicial.<\/p>\n","protected":false},"excerpt":{"rendered":"<p>El SEPRONA de la Gu\u00e0rdia Civil ha investigat el propietari d&#8217;una explotaci\u00f3 porcina a la Vilavella per la seua presumpta implicaci\u00f3 en un dels casos de contaminaci\u00f3 ambiental m\u00e9s greus detectats a la prov\u00edncia de Castell\u00f3 els darrers anys. Segons la investigaci\u00f3, entre el 2022 i el 2024 s&#8217;haurien abocat sense control m\u00e9s de 5,4 &#8230; <a title=\"Vertits il\u00b7legals a la Vilavella. La Gu\u00e0rdia Civil investiga al propietari d&#8217;una explotaci\u00f3 porcina\" class=\"read-more\" href=\"https:\/\/elcafedepipa.com\/index.php\/2025\/09\/11\/vertits-illegals-a-la-vilavella-la-guardia-civil-investiga-al-propietari-duna-explotacio-porcina\/\" aria-label=\"M\u00e9s informaci\u00f3 sobre Vertits il\u00b7legals a la Vilavella. La Gu\u00e0rdia Civil investiga al propietari d&#8217;una explotaci\u00f3 porcina\">Read more<\/a><\/p>\n","protected":false},"author":2,"featured_media":16840,"comment_status":"closed","ping_status":"closed","sticky":false,"template":"","format":"standard","meta":{"om_disable_all_campaigns":false,"_monsterinsights_skip_tracking":false,"_monsterinsights_sitenote_active":false,"_monsterinsights_sitenote_note":"","_monsterinsights_sitenote_category":0,"_uf_show_specific_survey":0,"_uf_disable_surveys":false,"footnotes":""},"categories":[7],"tags":[],"class_list":["post-16839","post","type-post","status-publish","format-standard","has-post-thumbnail","hentry","category-lavilavella"],"_links":{"self":[{"href":"https:\/\/elcafedepipa.com\/index.php\/wp-json\/wp\/v2\/posts\/16839","targetHints":{"allow":["GET"]}}],"collection":[{"href":"https:\/\/elcafedepipa.com\/index.php\/wp-json\/wp\/v2\/posts"}],"about":[{"href":"https:\/\/elcafedepipa.com\/index.php\/wp-json\/wp\/v2\/types\/post"}],"author":[{"embeddable":true,"href":"https:\/\/elcafedepipa.com\/index.php\/wp-json\/wp\/v2\/users\/2"}],"replies":[{"embeddable":true,"href":"https:\/\/elcafedepipa.com\/index.php\/wp-json\/wp\/v2\/comments?post=16839"}],"version-history":[{"count":1,"href":"https:\/\/elcafedepipa.com\/index.php\/wp-json\/wp\/v2\/posts\/16839\/revisions"}],"predecessor-version":[{"id":16841,"href":"https:\/\/elcafedepipa.com\/index.php\/wp-json\/wp\/v2\/posts\/16839\/revisions\/16841"}],"wp:featuredmedia":[{"embeddable":true,"href":"https:\/\/elcafedepipa.com\/index.php\/wp-json\/wp\/v2\/media\/16840"}],"wp:attachment":[{"href":"https:\/\/elcafedepipa.com\/index.php\/wp-json\/wp\/v2\/media?parent=16839"}],"wp:term":[{"taxonomy":"category","embeddable":true,"href":"https:\/\/elcafedepipa.com\/index.php\/wp-json\/wp\/v2\/categories?post=16839"},{"taxonomy":"post_tag","embeddable":true,"href":"https:\/\/elcafedepipa.com\/index.php\/wp-json\/wp\/v2\/tags?post=16839"}],"curies":[{"name":"wp","href":"https:\/\/api.w.org\/{rel}","templated":true}]}}