{"id":16823,"date":"2025-09-11T15:50:29","date_gmt":"2025-09-11T13:50:29","guid":{"rendered":"https:\/\/elcafedepipa.com\/?p=16823"},"modified":"2025-09-11T15:50:30","modified_gmt":"2025-09-11T13:50:30","slug":"millora-de-47-camins-rurals-de-la-vall-perque-estiguen-a-punt-per-a-la-campanya-citricola","status":"publish","type":"post","link":"https:\/\/elcafedepipa.com\/index.php\/2025\/09\/11\/millora-de-47-camins-rurals-de-la-vall-perque-estiguen-a-punt-per-a-la-campanya-citricola\/","title":{"rendered":"Millora de 47 camins rurals de la Vall perqu\u00e8 estiguen a punt per a la campanya citr\u00edcola"},"content":{"rendered":"\n<p><strong>102 persones aturades han realitzat treballs de formigonat, bacheo, desbrossament i reparaci\u00f3 de murets<\/strong><\/p>\n\n\n\n<p>L&#8217;Ajuntament de la Vall d&#8217;Uix\u00f3 finalitza dem\u00e0 les feines de les mem\u00f2ries de l&#8217;atur agrari. Des del mes de juliol 102 persones aturades de la branca agr\u00edcola han fet tasques de manteniment i millora de les zones rurals, gr\u00e0cies a una subvenci\u00f3 de 191.000 euros del Ministeri de Treball ia 42.000 euros d&#8217;aportaci\u00f3 municipal.<\/p>\n\n\n\n<p>El regidor d&#8217;Agricultura, Marc Seguer, i el regidor d&#8217;Ocupaci\u00f3, Jorge Garc\u00eda, han fet un balan\u00e7 \u201cmolt positiu\u201d d&#8217;aquesta edici\u00f3, on s&#8217;ha actuat en 47 camins rurals, 7 m\u00e9s dels que estaven previstos. Aix\u00ed, en aquests mesos s&#8217;han fet servir 260 m\u00b3 de formig\u00f3 (43 b\u00f3tes) i 120 tones d&#8217;aglomerat per a sotrac.<\/p>\n\n\n\n<p>L&#8217;objectiu d&#8217;aquest programa \u00e9s &#8220;garantir el pas de vehicles en bones condicions, especialment ara que aviat comen\u00e7a la campanya citr\u00edcola i tamb\u00e9 per a qui viu o treballa a zones r\u00fastiques&#8221;, han assenyalat. Aix\u00ed, tamb\u00e9 han netejat i esbrossat marges i creus de camins i han reparat murets que havien estat afectats per les pluges.<\/p>\n\n\n\n<p>Les mem\u00f2ries de l&#8217;atur agrari &#8220;s\u00f3n un refor\u00e7 important per a l&#8217;Ajuntament, ja que durant l&#8217;any no podem arribar a tot all\u00f2 que voldr\u00edem perqu\u00e8 el terme municipal de la Vall \u00e9s molt extens&#8221;, han destacat. En els darrers anys s&#8217;ha aconseguit millorar la coordinaci\u00f3 i l&#8217;efici\u00e8ncia \u201caugmentant la capacitat de treball i els resultats\u201d.<\/p>\n\n\n\n<p>Per acabar, els regidors han valorat que aquest programa \u00e9s \u201cdiners p\u00fablics ben invertits\u201d at\u00e8s que ofereix feina a l&#8217;estiu a persones aturades del sector agr\u00edcola \u2013molt afectat per la temporalitat\u2013 que realitzen treballs de millora del terme municipal \u201cque s\u00f3n molt necessaris\u201d mentre reben un sou.<\/p>\n\n\n\n<figure class=\"wp-block-image size-large\"><img fetchpriority=\"high\" decoding=\"async\" width=\"768\" height=\"1024\" src=\"https:\/\/elcafedepipa.com\/wp-content\/uploads\/2025\/09\/atur-agrari-1-768x1024.jpeg\" alt=\"\" class=\"wp-image-16825\" srcset=\"https:\/\/elcafedepipa.com\/wp-content\/uploads\/2025\/09\/atur-agrari-1-768x1024.jpeg 768w, https:\/\/elcafedepipa.com\/wp-content\/uploads\/2025\/09\/atur-agrari-1-225x300.jpeg 225w, https:\/\/elcafedepipa.com\/wp-content\/uploads\/2025\/09\/atur-agrari-1-1152x1536.jpeg 1152w, https:\/\/elcafedepipa.com\/wp-content\/uploads\/2025\/09\/atur-agrari-1.jpeg 1200w\" sizes=\"(max-width: 768px) 100vw, 768px\" \/><\/figure>\n","protected":false},"excerpt":{"rendered":"<p>102 persones aturades han realitzat treballs de formigonat, bacheo, desbrossament i reparaci\u00f3 de murets L&#8217;Ajuntament de la Vall d&#8217;Uix\u00f3 finalitza dem\u00e0 les feines de les mem\u00f2ries de l&#8217;atur agrari. Des del mes de juliol 102 persones aturades de la branca agr\u00edcola han fet tasques de manteniment i millora de les zones rurals, gr\u00e0cies a una &#8230; <a title=\"Millora de 47 camins rurals de la Vall perqu\u00e8 estiguen a punt per a la campanya citr\u00edcola\" class=\"read-more\" href=\"https:\/\/elcafedepipa.com\/index.php\/2025\/09\/11\/millora-de-47-camins-rurals-de-la-vall-perque-estiguen-a-punt-per-a-la-campanya-citricola\/\" aria-label=\"M\u00e9s informaci\u00f3 sobre Millora de 47 camins rurals de la Vall perqu\u00e8 estiguen a punt per a la campanya citr\u00edcola\">Read more<\/a><\/p>\n","protected":false},"author":2,"featured_media":16824,"comment_status":"closed","ping_status":"closed","sticky":false,"template":"","format":"standard","meta":{"om_disable_all_campaigns":false,"_monsterinsights_skip_tracking":false,"_monsterinsights_sitenote_active":false,"_monsterinsights_sitenote_note":"","_monsterinsights_sitenote_category":0,"_uf_show_specific_survey":0,"_uf_disable_surveys":false,"footnotes":""},"categories":[1],"tags":[],"class_list":["post-16823","post","type-post","status-publish","format-standard","has-post-thumbnail","hentry","category-non-classe"],"_links":{"self":[{"href":"https:\/\/elcafedepipa.com\/index.php\/wp-json\/wp\/v2\/posts\/16823","targetHints":{"allow":["GET"]}}],"collection":[{"href":"https:\/\/elcafedepipa.com\/index.php\/wp-json\/wp\/v2\/posts"}],"about":[{"href":"https:\/\/elcafedepipa.com\/index.php\/wp-json\/wp\/v2\/types\/post"}],"author":[{"embeddable":true,"href":"https:\/\/elcafedepipa.com\/index.php\/wp-json\/wp\/v2\/users\/2"}],"replies":[{"embeddable":true,"href":"https:\/\/elcafedepipa.com\/index.php\/wp-json\/wp\/v2\/comments?post=16823"}],"version-history":[{"count":1,"href":"https:\/\/elcafedepipa.com\/index.php\/wp-json\/wp\/v2\/posts\/16823\/revisions"}],"predecessor-version":[{"id":16826,"href":"https:\/\/elcafedepipa.com\/index.php\/wp-json\/wp\/v2\/posts\/16823\/revisions\/16826"}],"wp:featuredmedia":[{"embeddable":true,"href":"https:\/\/elcafedepipa.com\/index.php\/wp-json\/wp\/v2\/media\/16824"}],"wp:attachment":[{"href":"https:\/\/elcafedepipa.com\/index.php\/wp-json\/wp\/v2\/media?parent=16823"}],"wp:term":[{"taxonomy":"category","embeddable":true,"href":"https:\/\/elcafedepipa.com\/index.php\/wp-json\/wp\/v2\/categories?post=16823"},{"taxonomy":"post_tag","embeddable":true,"href":"https:\/\/elcafedepipa.com\/index.php\/wp-json\/wp\/v2\/tags?post=16823"}],"curies":[{"name":"wp","href":"https:\/\/api.w.org\/{rel}","templated":true}]}}