{"id":16815,"date":"2025-09-11T15:45:27","date_gmt":"2025-09-11T13:45:27","guid":{"rendered":"https:\/\/elcafedepipa.com\/?p=16815"},"modified":"2025-09-11T15:45:27","modified_gmt":"2025-09-11T13:45:27","slug":"lajuntament-de-la-vall-duixo-compta-amb-un-nou-servei-gratuit-de-mediacio","status":"publish","type":"post","link":"https:\/\/elcafedepipa.com\/index.php\/2025\/09\/11\/lajuntament-de-la-vall-duixo-compta-amb-un-nou-servei-gratuit-de-mediacio\/","title":{"rendered":"L&#8217;Ajuntament de la Vall d\u2019Uix\u00f3 compta amb un nou servei gratu\u00eft de mediaci\u00f3"},"content":{"rendered":"\n<p><strong>L&#8217;objectiu de Mediaprop \u00e9s ajudar la ciutadania a resoldre conflictes de manera dialogada i pac\u00edfica<\/strong><\/p>\n\n\n\n<p>L&#8217;Ajuntament de la Vall d&#8217;Uix\u00f3 ha engegat el servei gratu\u00eft de Mediaprop, que es prestar\u00e0 el primer i tercer dimecres del mes. Aquest servei de mediaci\u00f3 t\u00e9 l&#8217;objectiu d&#8217;\u201cajudar la ciutadania a resoldre conflictes de manera dialogada i pac\u00edfica, sense necessitat d&#8217;arribar a judici\u201d, tal com ha explicat la regidora de Recursos Humans, Zaida Moreno.<\/p>\n\n\n\n<p>El projecte Mediaprop est\u00e0 finan\u00e7at per la Generalitat Valenciana i el presten professionals de la mediaci\u00f3 a les depend\u00e8ncies municipals que l&#8217;Ajuntament posa a la seva disposici\u00f3. En aquest cas, el Jutjat de Pau (avinguda Jaume I, 22), cada primer i tercer dimecres del mes en horari de 16.00 a 20.00 hores. Ja es pot sol\u00b7licitar cita a www.lavallduixo.es\/citaprevia<\/p>\n\n\n\n<p>Per a Moreno aquesta \u00e9s \u201cuna eina r\u00e0pida, confidencial i accessible per millorar la conviv\u00e8ncia i trobar solucions justes\u201d. I \u00e9s que mitjan\u00e7ant el servei de Mediaprop es tracten conflictes familiars, derivats d&#8217;her\u00e8ncies, cures, separacions o divorcis; impagaments d&#8217;hipoteques amb possibilitat de desnonament i conflictes ve\u00efnals. Per fer-ho, primer es fa una valoraci\u00f3 sobre si l&#8217;assumpte derivat \u00e9s mediable o no.<\/p>\n\n\n\n<p>Aquest servei \u00e9s a la l\u00ednia de treball de l&#8217;Ajuntament, que aposta per \u201cl&#8217;enteniment, l&#8217;escolta i la construcci\u00f3 d&#8217;acords per enfortir la nostra societat\u201d. Cal recordar que des del 2021 ja s&#8217;ofereix Mediaprop, un servei gratu\u00eft d&#8217;assessorament, orientaci\u00f3 i informaci\u00f3 jur\u00eddica.<\/p>\n","protected":false},"excerpt":{"rendered":"<p>L&#8217;objectiu de Mediaprop \u00e9s ajudar la ciutadania a resoldre conflictes de manera dialogada i pac\u00edfica L&#8217;Ajuntament de la Vall d&#8217;Uix\u00f3 ha engegat el servei gratu\u00eft de Mediaprop, que es prestar\u00e0 el primer i tercer dimecres del mes. Aquest servei de mediaci\u00f3 t\u00e9 l&#8217;objectiu d&#8217;\u201cajudar la ciutadania a resoldre conflictes de manera dialogada i pac\u00edfica, sense &#8230; <a title=\"L&#8217;Ajuntament de la Vall d\u2019Uix\u00f3 compta amb un nou servei gratu\u00eft de mediaci\u00f3\" class=\"read-more\" href=\"https:\/\/elcafedepipa.com\/index.php\/2025\/09\/11\/lajuntament-de-la-vall-duixo-compta-amb-un-nou-servei-gratuit-de-mediacio\/\" aria-label=\"M\u00e9s informaci\u00f3 sobre L&#8217;Ajuntament de la Vall d\u2019Uix\u00f3 compta amb un nou servei gratu\u00eft de mediaci\u00f3\">Read more<\/a><\/p>\n","protected":false},"author":2,"featured_media":16816,"comment_status":"closed","ping_status":"closed","sticky":false,"template":"","format":"standard","meta":{"om_disable_all_campaigns":false,"_monsterinsights_skip_tracking":false,"_monsterinsights_sitenote_active":false,"_monsterinsights_sitenote_note":"","_monsterinsights_sitenote_category":0,"_uf_show_specific_survey":0,"_uf_disable_surveys":false,"footnotes":""},"categories":[1],"tags":[],"class_list":["post-16815","post","type-post","status-publish","format-standard","has-post-thumbnail","hentry","category-non-classe"],"_links":{"self":[{"href":"https:\/\/elcafedepipa.com\/index.php\/wp-json\/wp\/v2\/posts\/16815","targetHints":{"allow":["GET"]}}],"collection":[{"href":"https:\/\/elcafedepipa.com\/index.php\/wp-json\/wp\/v2\/posts"}],"about":[{"href":"https:\/\/elcafedepipa.com\/index.php\/wp-json\/wp\/v2\/types\/post"}],"author":[{"embeddable":true,"href":"https:\/\/elcafedepipa.com\/index.php\/wp-json\/wp\/v2\/users\/2"}],"replies":[{"embeddable":true,"href":"https:\/\/elcafedepipa.com\/index.php\/wp-json\/wp\/v2\/comments?post=16815"}],"version-history":[{"count":2,"href":"https:\/\/elcafedepipa.com\/index.php\/wp-json\/wp\/v2\/posts\/16815\/revisions"}],"predecessor-version":[{"id":16818,"href":"https:\/\/elcafedepipa.com\/index.php\/wp-json\/wp\/v2\/posts\/16815\/revisions\/16818"}],"wp:featuredmedia":[{"embeddable":true,"href":"https:\/\/elcafedepipa.com\/index.php\/wp-json\/wp\/v2\/media\/16816"}],"wp:attachment":[{"href":"https:\/\/elcafedepipa.com\/index.php\/wp-json\/wp\/v2\/media?parent=16815"}],"wp:term":[{"taxonomy":"category","embeddable":true,"href":"https:\/\/elcafedepipa.com\/index.php\/wp-json\/wp\/v2\/categories?post=16815"},{"taxonomy":"post_tag","embeddable":true,"href":"https:\/\/elcafedepipa.com\/index.php\/wp-json\/wp\/v2\/tags?post=16815"}],"curies":[{"name":"wp","href":"https:\/\/api.w.org\/{rel}","templated":true}]}}