{"id":16812,"date":"2025-09-11T15:43:08","date_gmt":"2025-09-11T13:43:08","guid":{"rendered":"https:\/\/elcafedepipa.com\/?p=16812"},"modified":"2025-09-11T15:43:09","modified_gmt":"2025-09-11T13:43:09","slug":"la-lxxi-edicio-dels-jocs-florals-vila-de-nules-es-presenta-com-una-de-les-mes-participatives-dels-ultims-anys","status":"publish","type":"post","link":"https:\/\/elcafedepipa.com\/index.php\/2025\/09\/11\/la-lxxi-edicio-dels-jocs-florals-vila-de-nules-es-presenta-com-una-de-les-mes-participatives-dels-ultims-anys\/","title":{"rendered":"LA LXXI EDICI\u00d3 DELS JOCS FLORALS VILA DE NULES ES PRESENTA COM UNA DE LES M\u00c9S PARTICIPATIVES DELS \u00daLTIMS ANYS"},"content":{"rendered":"\n<p><strong>Es reuneix el jurat per comen\u00e7ar a treballar en l\u2019avaluaci\u00f3 dels treballs presentats<\/strong><\/p>\n\n\n\n<p>Els membres del jurat de la LXXI edici\u00f3 dels Jocs Florals Vila de Nules i dels IX Premis d\u2019Investigaci\u00f3 i Divulgaci\u00f3 s\u2019han reunit, per primera vegada, aquesta setmana per a comen\u00e7ar a treballar en l\u2019avaluaci\u00f3 dels treballs presentats a aquest certamen literari i premis que tenen lloc a aquesta localitat de la comarca de la Plana Baixa, i que celebrar\u00e0 el lliurament de premis divendres 3 d\u2019octubre.<\/p>\n\n\n\n<p>Aix\u00ed, des del jurat s\u2019ha volgut destacar que aquesta \u00e9s una de les edicions m\u00e9s participatives dels \u00faltims anys amb uns seixantena de treballs presentats.<\/p>\n\n\n\n<p>El jurat est\u00e0 format per persones amb una traject\u00f2ria i prestigi en el m\u00f3n de les lletres com ara els acad\u00e8mics de l\u2019Acad\u00e8mia Valenciana de la Llengua Rosa Agost Can\u00f3s i Josep Palomero Almela, a m\u00e9s de Joan Jes\u00fas Gavara, llicenciat en Geografia i Hist\u00f2ria i Cronista Oficial de la Vila de Nules; Carmen Sorribes, llicenciada en Filologia Catalana; Antoni Mart\u00ednez Bonet, escriptor i gerent de l\u2019editorial Neop\u00e0tria; Carla Masegosa, llicenciada en Filologia; &nbsp;Jos\u00e9 Gavara, llicenciat en Ci\u00e8ncies Econ\u00f2miques, i catedr\u00e0tic d\u2019Administraci\u00f3 i Direcci\u00f3 d\u2019Empresa; &nbsp;Manel Alonso, escriptor; i Jos\u00e9 Miguel Segura, llicenciat en Filologia Hisp\u00e0nica, professor de literatura i cr\u00edtic literari; aix\u00ed mateix presideix el jurat la regidora de Cultura, M. Jos\u00e9 Esteban, juntament amb l\u2019alcalde, David Garc\u00eda.<\/p>\n\n\n\n<p>En relaci\u00f3 als guardons emmarcats en els Jocs Florals Vila de Nules cal recordar, per una banda, els Premis Ordinaris que inclouen els premis \u201cFlor Natural\u201d amb un import de 4.000 euros al millor poemari de tema i metres lliures; \u201cPoesia de tema religi\u00f3s o \u00e8tic\u201d amb un premi de 500 euros; i &nbsp;\u201cPoesia de tema patri\u00f2tic\u201d dotat tamb\u00e9 amb 500 euros.<\/p>\n\n\n\n<p>Per altra, hi ha els Premis Extraordinaris en qu\u00e8 s&#8217;inclouen el \u201cPremi de poesia Anna Rebeca\u201d premiat amb 1.000 euros al millor poema d&#8217;almenys 70 versos de tema lliure escrit per un ve\u00ed de Nules, i el \u201cPremi Poemari Infantil\u201d amb 500 euros que guardona el millor poema de tema lliure adre\u00e7at a xiquets i xiquetes.<\/p>\n\n\n\n<p><strong>IX Premis d\u2019Investigaci\u00f3 i Divulgaci\u00f3<\/strong><\/p>\n\n\n\n<p>A aquests premis acompanyen per nov\u00e8 any els Premis d&#8217;Investigaci\u00f3 i Divulgaci\u00f3 entre els que s&#8217;inclouen els guardons l&#8217;\u201dInvestigaci\u00f3 Ling\u00fc\u00edstica sobre el Valenci\u00e0\u201d patrocinat per l&#8217;Acad\u00e8mia Valenciana de la Llengua amb un premi de 2.000 euros; \u201cAspectes hist\u00f2rics del poble de Nules\u201d amb un guard\u00f3 de 500 euros que reconeix el millor estudi sobre qualsevol aspecte hist\u00f2ric de la vila de Nules; \u201cHistoria del nacimiento de la variedad Clemenules y su importancia para el pueblo de Nules\u201d patrocinat per l\u2019empresa Grespania amb un import a 1.000 euros, i \u201cEntretenimento y ocio de personas mayores y dependientes en residencias: programas y propuestas\u201d dirigit a les persones majors de 60 anys i patrocinat per la Resid\u00e8ncia Verge de la Soledat que atorgar\u00e0 un premi de 250 euros.<\/p>\n\n\n\n<p>Alhora, se sumen altres premis com ara \u201cLa m\u00fasica europea i la seua import\u00e0ncia internacional\u201d patrocinat per la Societat Musical Art\u00edstica Nulera i amb un premi de 500 euros; \u201cEl valor diferenciador de la citricultura valenciana, frente a otros \u00e1mbitos geogr\u00e1ficos\u201d patrocinat per la Cooperativa Agr\u00edcola Sant Josep de Nules amb un premi de 600 euros; i \u201c2025 a\u00f1o internacional de las cooperativas. Las cooperativas construyen un mundo mejor\u201d de la Caixa Rural Sant Josep de Nules amb un import de 1.000 euros.<\/p>\n\n\n\n<p>Amb tot, la regidora de Cultura, M. Jos\u00e9 Esteban, comenta que \u201cels membres del jurat ens hem reunit per primera vegada per comen\u00e7ar a treballar en l\u2019avaluaci\u00f3 dels treballs presentats que enguany s\u00f3n molt nombrosos, no hi ha que oblidar que aquest &nbsp;certamen literari est\u00e0 lligat a la tradici\u00f3 i a la hist\u00f2ria del nostre poble, i com no a la cultura i a les lletres\u201d.<\/p>\n\n\n\n<p>Cal recordar, a m\u00e9s, que al territori valenci\u00e0 tradicionalment se celebren tan sols els Jocs Florals de la Ciutat i Regne de Val\u00e8ncia i els Jocs Florals Vila de Nules, \u201cper aquest motiu per a tots els nulers i nuleres \u00e9s un orgull celebrar cada any aquest certamen literari amb el qual es promou la nostra llengua\u201d, conclou M. Jos\u00e9 Esteban.<\/p>\n","protected":false},"excerpt":{"rendered":"<p>Es reuneix el jurat per comen\u00e7ar a treballar en l\u2019avaluaci\u00f3 dels treballs presentats Els membres del jurat de la LXXI edici\u00f3 dels Jocs Florals Vila de Nules i dels IX Premis d\u2019Investigaci\u00f3 i Divulgaci\u00f3 s\u2019han reunit, per primera vegada, aquesta setmana per a comen\u00e7ar a treballar en l\u2019avaluaci\u00f3 dels treballs presentats a aquest certamen literari &#8230; <a title=\"LA LXXI EDICI\u00d3 DELS JOCS FLORALS VILA DE NULES ES PRESENTA COM UNA DE LES M\u00c9S PARTICIPATIVES DELS \u00daLTIMS ANYS\" class=\"read-more\" href=\"https:\/\/elcafedepipa.com\/index.php\/2025\/09\/11\/la-lxxi-edicio-dels-jocs-florals-vila-de-nules-es-presenta-com-una-de-les-mes-participatives-dels-ultims-anys\/\" aria-label=\"M\u00e9s informaci\u00f3 sobre LA LXXI EDICI\u00d3 DELS JOCS FLORALS VILA DE NULES ES PRESENTA COM UNA DE LES M\u00c9S PARTICIPATIVES DELS \u00daLTIMS ANYS\">Read more<\/a><\/p>\n","protected":false},"author":2,"featured_media":16813,"comment_status":"closed","ping_status":"closed","sticky":false,"template":"","format":"standard","meta":{"om_disable_all_campaigns":false,"_monsterinsights_skip_tracking":false,"_monsterinsights_sitenote_active":false,"_monsterinsights_sitenote_note":"","_monsterinsights_sitenote_category":0,"_uf_show_specific_survey":0,"_uf_disable_surveys":false,"footnotes":""},"categories":[3],"tags":[],"class_list":["post-16812","post","type-post","status-publish","format-standard","has-post-thumbnail","hentry","category-nules"],"_links":{"self":[{"href":"https:\/\/elcafedepipa.com\/index.php\/wp-json\/wp\/v2\/posts\/16812","targetHints":{"allow":["GET"]}}],"collection":[{"href":"https:\/\/elcafedepipa.com\/index.php\/wp-json\/wp\/v2\/posts"}],"about":[{"href":"https:\/\/elcafedepipa.com\/index.php\/wp-json\/wp\/v2\/types\/post"}],"author":[{"embeddable":true,"href":"https:\/\/elcafedepipa.com\/index.php\/wp-json\/wp\/v2\/users\/2"}],"replies":[{"embeddable":true,"href":"https:\/\/elcafedepipa.com\/index.php\/wp-json\/wp\/v2\/comments?post=16812"}],"version-history":[{"count":1,"href":"https:\/\/elcafedepipa.com\/index.php\/wp-json\/wp\/v2\/posts\/16812\/revisions"}],"predecessor-version":[{"id":16814,"href":"https:\/\/elcafedepipa.com\/index.php\/wp-json\/wp\/v2\/posts\/16812\/revisions\/16814"}],"wp:featuredmedia":[{"embeddable":true,"href":"https:\/\/elcafedepipa.com\/index.php\/wp-json\/wp\/v2\/media\/16813"}],"wp:attachment":[{"href":"https:\/\/elcafedepipa.com\/index.php\/wp-json\/wp\/v2\/media?parent=16812"}],"wp:term":[{"taxonomy":"category","embeddable":true,"href":"https:\/\/elcafedepipa.com\/index.php\/wp-json\/wp\/v2\/categories?post=16812"},{"taxonomy":"post_tag","embeddable":true,"href":"https:\/\/elcafedepipa.com\/index.php\/wp-json\/wp\/v2\/tags?post=16812"}],"curies":[{"name":"wp","href":"https:\/\/api.w.org\/{rel}","templated":true}]}}