{"id":16803,"date":"2025-09-11T10:30:56","date_gmt":"2025-09-11T08:30:56","guid":{"rendered":"https:\/\/elcafedepipa.com\/?p=16803"},"modified":"2025-09-11T10:30:56","modified_gmt":"2025-09-11T08:30:56","slug":"la-ude-sestrena-aquest-diumenge-al-jose-mangrinan","status":"publish","type":"post","link":"https:\/\/elcafedepipa.com\/index.php\/2025\/09\/11\/la-ude-sestrena-aquest-diumenge-al-jose-mangrinan\/","title":{"rendered":"La UDE s&#8217;estrena aquest diumenge al Jos\u00e9 Mangri\u00f1\u00e1n"},"content":{"rendered":"\n<p>La Uni\u00f3n Deportiva Vall de Ux\u00f3 s&#8217;estrena aquest diumenge al seu feu, despr\u00e9s d&#8217;estrenar el curs futbol\u00edstic 25\/26 la setmana passada a Bu\u00f1ol sumant un punt valu\u00f3s que intentaran fer bo aquesta setmana guanyant a casa.<br>Molt enrere ja queda un intens estiu de preparaci\u00f3, la Tercera RFEF va tornar el cap de setmana passat i amb ella, per segon any consecutiu, va tornar a la competici\u00f3 la UDE. Els blanc-i-blaus afronten la temporada amb la il\u00b7lusi\u00f3 d&#8217;almenys igualar els bons registres del curs passat, on es van quedar a les mateixes portes de la Promoci\u00f3 d&#8217;Ascens a Segona RFEF.<br><strong>Bon comen\u00e7ament<\/strong><br>Diumenge passat es va donar el tret de sortida a la nova temporada, la UDE tenia un dur escull a la jornada 1, els de Jos\u00e9 Manuel Descalzo viatjaven al sempre temible Beltr\u00e1n Baguena per enfrontar-se a un C.D. Bu\u00f1ol debutant a la categoria. La UDE va \u200b\u200bsumar un punt de pes, en un duel on va ser superior durant gran part del mateix i va disposar de les ocasions de gol m\u00e9s clares. El porter Pablo Coronado, va ser el jugador m\u00e9s destacat dels seus amb diverses intervencions salvadores, arribant a per a un penal a Ximo Forner ben entrada ia la segona part.<br><strong>Derbi provincial per estrenar-se al Mangri\u00f1\u00e1n<\/strong><br>La UDE intentar\u00e0 fer bo el punt aconseguit a la primera jornada guanyant aquest diumenge en la seua estrena a casa davant el CD Soneja. Trepidant derbi provincial davant un dels grans transatl\u00e0ntics de la categoria que va comen\u00e7ar el curs amb derrota al seu feu davant la U.D. Alzira.<br><strong>TORNEM A CASA!<\/strong><br>Diumenge la UDE despr\u00e9s del llarg par\u00e8ntesi dels mesos estivals, torna a casa seua a jugar davant del seu p\u00fablic. Igual que en temporades anteriors els blanc-i-blaus han de fer-se forts al vell Segarra per sumar els m\u00e0xims punts possibles per arribar a l&#8217;objectiu prioritari de la perman\u00e8ncia a la categoria.<\/p>\n","protected":false},"excerpt":{"rendered":"<p>La Uni\u00f3n Deportiva Vall de Ux\u00f3 s&#8217;estrena aquest diumenge al seu feu, despr\u00e9s d&#8217;estrenar el curs futbol\u00edstic 25\/26 la setmana passada a Bu\u00f1ol sumant un punt valu\u00f3s que intentaran fer bo aquesta setmana guanyant a casa.Molt enrere ja queda un intens estiu de preparaci\u00f3, la Tercera RFEF va tornar el cap de setmana passat i &#8230; <a title=\"La UDE s&#8217;estrena aquest diumenge al Jos\u00e9 Mangri\u00f1\u00e1n\" class=\"read-more\" href=\"https:\/\/elcafedepipa.com\/index.php\/2025\/09\/11\/la-ude-sestrena-aquest-diumenge-al-jose-mangrinan\/\" aria-label=\"M\u00e9s informaci\u00f3 sobre La UDE s&#8217;estrena aquest diumenge al Jos\u00e9 Mangri\u00f1\u00e1n\">Read more<\/a><\/p>\n","protected":false},"author":2,"featured_media":16804,"comment_status":"closed","ping_status":"closed","sticky":false,"template":"","format":"standard","meta":{"om_disable_all_campaigns":false,"_monsterinsights_skip_tracking":false,"_monsterinsights_sitenote_active":false,"_monsterinsights_sitenote_note":"","_monsterinsights_sitenote_category":0,"_uf_show_specific_survey":0,"_uf_disable_surveys":false,"footnotes":""},"categories":[1],"tags":[],"class_list":["post-16803","post","type-post","status-publish","format-standard","has-post-thumbnail","hentry","category-non-classe"],"_links":{"self":[{"href":"https:\/\/elcafedepipa.com\/index.php\/wp-json\/wp\/v2\/posts\/16803","targetHints":{"allow":["GET"]}}],"collection":[{"href":"https:\/\/elcafedepipa.com\/index.php\/wp-json\/wp\/v2\/posts"}],"about":[{"href":"https:\/\/elcafedepipa.com\/index.php\/wp-json\/wp\/v2\/types\/post"}],"author":[{"embeddable":true,"href":"https:\/\/elcafedepipa.com\/index.php\/wp-json\/wp\/v2\/users\/2"}],"replies":[{"embeddable":true,"href":"https:\/\/elcafedepipa.com\/index.php\/wp-json\/wp\/v2\/comments?post=16803"}],"version-history":[{"count":1,"href":"https:\/\/elcafedepipa.com\/index.php\/wp-json\/wp\/v2\/posts\/16803\/revisions"}],"predecessor-version":[{"id":16805,"href":"https:\/\/elcafedepipa.com\/index.php\/wp-json\/wp\/v2\/posts\/16803\/revisions\/16805"}],"wp:featuredmedia":[{"embeddable":true,"href":"https:\/\/elcafedepipa.com\/index.php\/wp-json\/wp\/v2\/media\/16804"}],"wp:attachment":[{"href":"https:\/\/elcafedepipa.com\/index.php\/wp-json\/wp\/v2\/media?parent=16803"}],"wp:term":[{"taxonomy":"category","embeddable":true,"href":"https:\/\/elcafedepipa.com\/index.php\/wp-json\/wp\/v2\/categories?post=16803"},{"taxonomy":"post_tag","embeddable":true,"href":"https:\/\/elcafedepipa.com\/index.php\/wp-json\/wp\/v2\/tags?post=16803"}],"curies":[{"name":"wp","href":"https:\/\/api.w.org\/{rel}","templated":true}]}}