{"id":16792,"date":"2025-09-10T14:44:36","date_gmt":"2025-09-10T12:44:36","guid":{"rendered":"https:\/\/elcafedepipa.com\/?p=16792"},"modified":"2025-09-10T14:44:37","modified_gmt":"2025-09-10T12:44:37","slug":"nules-presenta-la-lxxviii-fira-de-ramaderia-i-maquinaria-agricola-amb-una-ampla-programacio","status":"publish","type":"post","link":"https:\/\/elcafedepipa.com\/index.php\/2025\/09\/10\/nules-presenta-la-lxxviii-fira-de-ramaderia-i-maquinaria-agricola-amb-una-ampla-programacio\/","title":{"rendered":"Nules presenta la LXXVIII Fira de Ramaderia i Maquin\u00e0ria agr\u00edcola amb una ampla programaci\u00f3"},"content":{"rendered":"\n<p><strong>El Secretari Auton\u00f2mic d\u2019Agricultura inaugurar\u00e0 la Jornada T\u00e8cnica Agr\u00edcola que se celebrar\u00e0 divendres<\/strong><\/p>\n\n\n\n<p>Nules celebra enguany la 78 edici\u00f3 de la Fira de Ramaderia i Maquin\u00e0ria Agr\u00edcola, en concret els dies del 18&nbsp; al 21 de setembre tindr\u00e0 lloc aquesta mostra que es remunta&nbsp; a l\u2019any 1347, que \u00e9s tot un referent del sector agrari a la Comunitat Valenciana, i que compta amb el distintiu de Festa d\u2019Inter\u00e9s Tur\u00edstic Auton\u00f2mic.<\/p>\n\n\n\n<p>Des de la regidoria d\u2019Agricultura i la Comissi\u00f3 de la Fira s\u2019ha estat treballant intensament aquest any per seguir posant en valor aquesta fira. De manera que, el regidor d\u2019Agricultura, C\u00e9sar Esta\u00f1ol, juntament amb Blay Roig, representant de la Comissi\u00f3 de la Fira, i Raquel Mart\u00ednez, de Rabitas Gastronom\u00eda, i impulsora del Rac\u00f3 Gastron\u00f2mic de la fira han presentat hui el cartell i la programaci\u00f3 que es desenvolupar\u00e0 durant aquests quatre dies.<\/p>\n\n\n\n<p>Entre les principals novetats cal destacar l\u2019ampliaci\u00f3 de la zona ramadera. En aquest sentit, es va a potenciar un any m\u00e9s aquest espai de la fira amb la col\u00b7laboraci\u00f3 de l\u2019Associaci\u00f3 Cavalls de Nules, on&nbsp; s\u2019exhibiran m\u00e9s varietats d\u2019animals amb la instal\u00b7laci\u00f3 d\u2019un total de 20 corrals, al mateix temps hi haur\u00e0 tamb\u00e9 una exposici\u00f3 de carruatges i d\u2019eines d\u2019animals.&nbsp;<\/p>\n\n\n\n<p>Aix\u00ed mateix, se segueix apostant pel Rac\u00f3 del Llaurador amb una programaci\u00f3 pr\u00f2pia, de fet cada edici\u00f3 s\u2019amplia els f\u00f2rums, xerrades i taules per a crear aix\u00ed un espai de debat i de trobada del sector agrari.<\/p>\n\n\n\n<p>A m\u00e9s, tamb\u00e9 enguany la fira compta amb una Jornada T\u00e8cnica Agr\u00edcola al voltant de \u201cAgricultura regenerativa y tratamiento para los \u00e1caros\u201d que se celebrar\u00e0 divendres, 19 de setembre, al sal\u00f3 d\u2019actes de la Caixa Rural de Nules, i que comptar\u00e0 amb la pres\u00e8ncia del Secretari Auton\u00f2mic d\u2019Agricultura, Vicente Tejedo.<\/p>\n\n\n\n<p>Precisament, la jornada de divendres comptar\u00e0, a m\u00e9s, amb la visita institucional per part de les autoritats que es va incorporar per primera vegada l\u2019any passat.<\/p>\n\n\n\n<p>En aquesta edici\u00f3 se segueix apostant pel Rac\u00f3 Gastron\u00f2mic, on els visitants podran participar de tast de vi i de degustacions gastron\u00f2miques; aix\u00ed mateix tindr\u00e0 lloc el II Concurs de Gossos de Rabera de Nules; a m\u00e9s es va a donar continu\u00eftat&nbsp; a la zona dedicada al patrimoni i hist\u00f2ria agr\u00edcola de Nules; de la mateixa manera que tamb\u00e9 es vol potenciar la zona comercial.<\/p>\n\n\n\n<p>De fet, s\u2019habilitar\u00e0 tamb\u00e9 en aquesta edici\u00f3 el Rac\u00f3 del Comer\u00e7 a l\u2019avinguda Diagonal on s\u2019instal\u00b7laran diferents establiments de la localitat. Aix\u00ed, la programaci\u00f3 de la fira inclou tamb\u00e9 activitats de promoci\u00f3 del comer\u00e7 i de les associacions locals.<\/p>\n\n\n\n<p>Amb tot, el regidor d\u2019Agricultura, C\u00e9sar Esta\u00f1ol, assenyala que, \u201caquesta fira, una de les m\u00e9s importants de la Comunitat Valenciana, compta amb la participaci\u00f3 de molta gent de diferents sectors no sols de l\u2019agrari i ramader, de manera que la seua organitzaci\u00f3 comporta molta dedicaci\u00f3 i treball. Per tant, hi ha que agrair als huit membres de la comissi\u00f3 de la fira el seu esfor\u00e7 per a que la fira siga endavant amb la seua ess\u00e8ncia, i amb la incorporaci\u00f3 a cada edici\u00f3 de novetats\u201d.<\/p>\n","protected":false},"excerpt":{"rendered":"<p>El Secretari Auton\u00f2mic d\u2019Agricultura inaugurar\u00e0 la Jornada T\u00e8cnica Agr\u00edcola que se celebrar\u00e0 divendres Nules celebra enguany la 78 edici\u00f3 de la Fira de Ramaderia i Maquin\u00e0ria Agr\u00edcola, en concret els dies del 18&nbsp; al 21 de setembre tindr\u00e0 lloc aquesta mostra que es remunta&nbsp; a l\u2019any 1347, que \u00e9s tot un referent del sector agrari &#8230; <a title=\"Nules presenta la LXXVIII Fira de Ramaderia i Maquin\u00e0ria agr\u00edcola amb una ampla programaci\u00f3\" class=\"read-more\" href=\"https:\/\/elcafedepipa.com\/index.php\/2025\/09\/10\/nules-presenta-la-lxxviii-fira-de-ramaderia-i-maquinaria-agricola-amb-una-ampla-programacio\/\" aria-label=\"M\u00e9s informaci\u00f3 sobre Nules presenta la LXXVIII Fira de Ramaderia i Maquin\u00e0ria agr\u00edcola amb una ampla programaci\u00f3\">Read more<\/a><\/p>\n","protected":false},"author":2,"featured_media":16793,"comment_status":"closed","ping_status":"closed","sticky":false,"template":"","format":"standard","meta":{"om_disable_all_campaigns":false,"_monsterinsights_skip_tracking":false,"_monsterinsights_sitenote_active":false,"_monsterinsights_sitenote_note":"","_monsterinsights_sitenote_category":0,"_uf_show_specific_survey":0,"_uf_disable_surveys":false,"footnotes":""},"categories":[3],"tags":[],"class_list":["post-16792","post","type-post","status-publish","format-standard","has-post-thumbnail","hentry","category-nules"],"_links":{"self":[{"href":"https:\/\/elcafedepipa.com\/index.php\/wp-json\/wp\/v2\/posts\/16792","targetHints":{"allow":["GET"]}}],"collection":[{"href":"https:\/\/elcafedepipa.com\/index.php\/wp-json\/wp\/v2\/posts"}],"about":[{"href":"https:\/\/elcafedepipa.com\/index.php\/wp-json\/wp\/v2\/types\/post"}],"author":[{"embeddable":true,"href":"https:\/\/elcafedepipa.com\/index.php\/wp-json\/wp\/v2\/users\/2"}],"replies":[{"embeddable":true,"href":"https:\/\/elcafedepipa.com\/index.php\/wp-json\/wp\/v2\/comments?post=16792"}],"version-history":[{"count":1,"href":"https:\/\/elcafedepipa.com\/index.php\/wp-json\/wp\/v2\/posts\/16792\/revisions"}],"predecessor-version":[{"id":16794,"href":"https:\/\/elcafedepipa.com\/index.php\/wp-json\/wp\/v2\/posts\/16792\/revisions\/16794"}],"wp:featuredmedia":[{"embeddable":true,"href":"https:\/\/elcafedepipa.com\/index.php\/wp-json\/wp\/v2\/media\/16793"}],"wp:attachment":[{"href":"https:\/\/elcafedepipa.com\/index.php\/wp-json\/wp\/v2\/media?parent=16792"}],"wp:term":[{"taxonomy":"category","embeddable":true,"href":"https:\/\/elcafedepipa.com\/index.php\/wp-json\/wp\/v2\/categories?post=16792"},{"taxonomy":"post_tag","embeddable":true,"href":"https:\/\/elcafedepipa.com\/index.php\/wp-json\/wp\/v2\/tags?post=16792"}],"curies":[{"name":"wp","href":"https:\/\/api.w.org\/{rel}","templated":true}]}}