{"id":16784,"date":"2025-09-10T14:38:12","date_gmt":"2025-09-10T12:38:12","guid":{"rendered":"https:\/\/elcafedepipa.com\/?p=16784"},"modified":"2025-09-10T14:38:13","modified_gmt":"2025-09-10T12:38:13","slug":"compromis-denuncia-que-el-govern-local-dalmenara-no-dona-la-cara-des-de-fa-quasi-tres-mesos","status":"publish","type":"post","link":"https:\/\/elcafedepipa.com\/index.php\/2025\/09\/10\/compromis-denuncia-que-el-govern-local-dalmenara-no-dona-la-cara-des-de-fa-quasi-tres-mesos\/","title":{"rendered":"Comprom\u00eds denuncia que el govern local d&#8217;Almenara no dona la cara des de fa quasi tres mesos"},"content":{"rendered":"\n<p><strong>Quique Castell\u00f3: \u201cProposem que el ple d\u2019agost es fixe de manera estable, o b\u00e9 a finals d\u2019agost o b\u00e9 a principis de setembre\u201d<\/strong><\/p>\n\n\n\n<p>El portaveu local de Comprom\u00eds, Quique Castell\u00f3, ha denunciat p\u00fablicament la par\u00e0lisi institucional que viu l&#8217;Ajuntament d&#8217;Almenara, on no se celebra cap ple municipal ordinari des del passat mes de juliol, malgrat la import\u00e0ncia dels assumptes pendents per tractar.<\/p>\n\n\n\n<p>\u201c\u00c9s inaudit que, en plena gesti\u00f3 d\u2019estiu, amb les festes ja celebrades i amb temes tan rellevants com el pressupost o les ordenances municipals sobre la taula, el govern local continue sense donar la cara davant la ciutadania\u201d, ha assegurat Castell\u00f3.<\/p>\n\n\n\n<p>Comprom\u00eds critica que el mes de juliol, lluny de servir per avan\u00e7ar en els assumptes claus per al municipi, es va caracteritzar per una activitat plen\u00e0ria inusual amb fins partidistes: \u201cVam tindre tres plens en juliol, un d\u2019ells convocat expressament per facilitar el cam\u00ed a Bertol\u00edn en el pol\u00e8mic pol\u00edgon del Barranc de Talavera. I ara estem quasi a mitjan setembre sense cap previsi\u00f3 de ple fins a finals d\u2019octubre\u201d, ha afegit el portaveu.<\/p>\n\n\n\n<p>Davant aquesta situaci\u00f3, Comprom\u00eds insisteix en la necessitat urgent de modificar el Reglament Org\u00e0nic Municipal (ROM) per tal de garantir la celebraci\u00f3 d\u2019un ple entre agost i setembre. \u201cEl que no pot ser \u00e9s que durant quasi tres mesos no hi haja cap tipus de control ni debat pol\u00edtic institucional. Proposem que el ple d\u2019agost es fixe de manera estable, o b\u00e9 a finals d\u2019agost o b\u00e9 a principis de setembre\u201d, ha concl\u00f2s Castell\u00f3.<\/p>\n\n\n\n<p>Comprom\u00eds lamenta que, un cop m\u00e9s, el govern local prioritze els seus interessos partidistes en lloc del funcionament democr\u00e0tic i transparent que la ciutadania mereix.<\/p>\n","protected":false},"excerpt":{"rendered":"<p>Quique Castell\u00f3: \u201cProposem que el ple d\u2019agost es fixe de manera estable, o b\u00e9 a finals d\u2019agost o b\u00e9 a principis de setembre\u201d El portaveu local de Comprom\u00eds, Quique Castell\u00f3, ha denunciat p\u00fablicament la par\u00e0lisi institucional que viu l&#8217;Ajuntament d&#8217;Almenara, on no se celebra cap ple municipal ordinari des del passat mes de juliol, malgrat &#8230; <a title=\"Comprom\u00eds denuncia que el govern local d&#8217;Almenara no dona la cara des de fa quasi tres mesos\" class=\"read-more\" href=\"https:\/\/elcafedepipa.com\/index.php\/2025\/09\/10\/compromis-denuncia-que-el-govern-local-dalmenara-no-dona-la-cara-des-de-fa-quasi-tres-mesos\/\" aria-label=\"M\u00e9s informaci\u00f3 sobre Comprom\u00eds denuncia que el govern local d&#8217;Almenara no dona la cara des de fa quasi tres mesos\">Read more<\/a><\/p>\n","protected":false},"author":2,"featured_media":16785,"comment_status":"closed","ping_status":"closed","sticky":false,"template":"","format":"standard","meta":{"om_disable_all_campaigns":false,"_monsterinsights_skip_tracking":false,"_monsterinsights_sitenote_active":false,"_monsterinsights_sitenote_note":"","_monsterinsights_sitenote_category":0,"_uf_show_specific_survey":0,"_uf_disable_surveys":false,"footnotes":""},"categories":[5],"tags":[],"class_list":["post-16784","post","type-post","status-publish","format-standard","has-post-thumbnail","hentry","category-almenara"],"_links":{"self":[{"href":"https:\/\/elcafedepipa.com\/index.php\/wp-json\/wp\/v2\/posts\/16784","targetHints":{"allow":["GET"]}}],"collection":[{"href":"https:\/\/elcafedepipa.com\/index.php\/wp-json\/wp\/v2\/posts"}],"about":[{"href":"https:\/\/elcafedepipa.com\/index.php\/wp-json\/wp\/v2\/types\/post"}],"author":[{"embeddable":true,"href":"https:\/\/elcafedepipa.com\/index.php\/wp-json\/wp\/v2\/users\/2"}],"replies":[{"embeddable":true,"href":"https:\/\/elcafedepipa.com\/index.php\/wp-json\/wp\/v2\/comments?post=16784"}],"version-history":[{"count":2,"href":"https:\/\/elcafedepipa.com\/index.php\/wp-json\/wp\/v2\/posts\/16784\/revisions"}],"predecessor-version":[{"id":16787,"href":"https:\/\/elcafedepipa.com\/index.php\/wp-json\/wp\/v2\/posts\/16784\/revisions\/16787"}],"wp:featuredmedia":[{"embeddable":true,"href":"https:\/\/elcafedepipa.com\/index.php\/wp-json\/wp\/v2\/media\/16785"}],"wp:attachment":[{"href":"https:\/\/elcafedepipa.com\/index.php\/wp-json\/wp\/v2\/media?parent=16784"}],"wp:term":[{"taxonomy":"category","embeddable":true,"href":"https:\/\/elcafedepipa.com\/index.php\/wp-json\/wp\/v2\/categories?post=16784"},{"taxonomy":"post_tag","embeddable":true,"href":"https:\/\/elcafedepipa.com\/index.php\/wp-json\/wp\/v2\/tags?post=16784"}],"curies":[{"name":"wp","href":"https:\/\/api.w.org\/{rel}","templated":true}]}}