{"id":16771,"date":"2025-09-10T14:14:53","date_gmt":"2025-09-10T12:14:53","guid":{"rendered":"https:\/\/elcafedepipa.com\/?p=16771"},"modified":"2025-09-10T14:23:41","modified_gmt":"2025-09-10T12:23:41","slug":"lajuntament-de-la-vall-duixo-obri-una-linia-dajudes-per-a-les-ampa-i-afa-de-la-ciutat","status":"publish","type":"post","link":"https:\/\/elcafedepipa.com\/index.php\/2025\/09\/10\/lajuntament-de-la-vall-duixo-obri-una-linia-dajudes-per-a-les-ampa-i-afa-de-la-ciutat\/","title":{"rendered":"L\u2019Ajuntament de la Vall d\u2019Uix\u00f3 obri una l\u00ednia d\u2019ajudes per a les AMPA i AFA de la ciutat"},"content":{"rendered":"\n<p><strong>El consistori d\u00f3na suport econ\u00f2mic a les associacions de fam\u00edlies despr\u00e9s de la supressi\u00f3 de les subvencions de la Generalitat Valenciana<\/strong><\/p>\n\n\n\n<p>La <strong>Regidoria d\u2019Educaci\u00f3 de l\u2019Ajuntament de la Vall d\u2019Uix\u00f3<\/strong> ha posat en marxa una nova l\u00ednia d\u2019ajudes dirigida a les <strong>AMPA i AFA<\/strong> de la ciutat, en col\u00b7laboraci\u00f3 amb la Coordinadora d\u2019AMPAs, amb l\u2019objectiu de cobrir <strong>gastos justificables relacionats amb activitats culturals<\/strong> que realitzen en els centres educatius durant el curs escolar 2025-2026.<\/p>\n\n\n\n<p>Les associacions interessades podran presentar les seues sol\u00b7licituds fins al <strong>3 d\u2019octubre<\/strong>, sempre que estiguen donades d\u2019alta en el <strong>registre d\u2019associacions de l\u2019Ajuntament<\/strong>. L\u2019import m\u00e0xim de l\u2019ajuda ser\u00e0 de <strong>1.500 \u20ac<\/strong>, ajustat segons el nombre de sol\u00b7licituds rebudes. Les bases es pot consultar en la web municipal o consultar amb la Regidoria d\u2019Educaci\u00f3.<\/p>\n\n\n\n<p>El regidor de l\u2019\u00e0rea, <strong>Manel Agea<\/strong>, ha destacat que esta iniciativa \u00e9s \u201c<strong>una bona not\u00edcia per a la comunitat educativa de la Vall perqu\u00e8 repara una deixadesa de funcions per part de la Generalitat Valenciana, que deixa de costat a les AFA<\/strong>\u201d. Agea ha afegit que \u201cdes de l\u2019Ajuntament donem un <strong>xicotet suport econ\u00f2mic<\/strong> perqu\u00e8 les associacions continuen desenvolupant les seues activitats durant el curs escolar, que s\u00f3n <strong>enriquidores per a l\u2019alumnat<\/strong> i complementen l\u2019educaci\u00f3 que s\u2019ofereix des dels centres\u201d.<\/p>\n\n\n\n<p>Amb esta l\u00ednia d\u2019ajudes, l\u2019Ajuntament de la Vall d\u2019Uix\u00f3 reafirma el seu comprom\u00eds amb l\u2019educaci\u00f3 p\u00fablica i amb el treball conjunt amb les fam\u00edlies, reconeixent la import\u00e0ncia de les AMPA i AFA en la vida quotidiana dels centres educatius de la Vall d\u2019Uix\u00f3.<\/p>\n\n\n\n<p><\/p>\n","protected":false},"excerpt":{"rendered":"<p>El consistori d\u00f3na suport econ\u00f2mic a les associacions de fam\u00edlies despr\u00e9s de la supressi\u00f3 de les subvencions de la Generalitat Valenciana La Regidoria d\u2019Educaci\u00f3 de l\u2019Ajuntament de la Vall d\u2019Uix\u00f3 ha posat en marxa una nova l\u00ednia d\u2019ajudes dirigida a les AMPA i AFA de la ciutat, en col\u00b7laboraci\u00f3 amb la Coordinadora d\u2019AMPAs, amb l\u2019objectiu &#8230; <a title=\"L\u2019Ajuntament de la Vall d\u2019Uix\u00f3 obri una l\u00ednia d\u2019ajudes per a les AMPA i AFA de la ciutat\" class=\"read-more\" href=\"https:\/\/elcafedepipa.com\/index.php\/2025\/09\/10\/lajuntament-de-la-vall-duixo-obri-una-linia-dajudes-per-a-les-ampa-i-afa-de-la-ciutat\/\" aria-label=\"M\u00e9s informaci\u00f3 sobre L\u2019Ajuntament de la Vall d\u2019Uix\u00f3 obri una l\u00ednia d\u2019ajudes per a les AMPA i AFA de la ciutat\">Read more<\/a><\/p>\n","protected":false},"author":2,"featured_media":16779,"comment_status":"closed","ping_status":"closed","sticky":false,"template":"","format":"standard","meta":{"om_disable_all_campaigns":false,"_monsterinsights_skip_tracking":false,"_monsterinsights_sitenote_active":false,"_monsterinsights_sitenote_note":"","_monsterinsights_sitenote_category":0,"_uf_show_specific_survey":0,"_uf_disable_surveys":false,"footnotes":""},"categories":[1],"tags":[],"class_list":["post-16771","post","type-post","status-publish","format-standard","has-post-thumbnail","hentry","category-non-classe"],"_links":{"self":[{"href":"https:\/\/elcafedepipa.com\/index.php\/wp-json\/wp\/v2\/posts\/16771","targetHints":{"allow":["GET"]}}],"collection":[{"href":"https:\/\/elcafedepipa.com\/index.php\/wp-json\/wp\/v2\/posts"}],"about":[{"href":"https:\/\/elcafedepipa.com\/index.php\/wp-json\/wp\/v2\/types\/post"}],"author":[{"embeddable":true,"href":"https:\/\/elcafedepipa.com\/index.php\/wp-json\/wp\/v2\/users\/2"}],"replies":[{"embeddable":true,"href":"https:\/\/elcafedepipa.com\/index.php\/wp-json\/wp\/v2\/comments?post=16771"}],"version-history":[{"count":1,"href":"https:\/\/elcafedepipa.com\/index.php\/wp-json\/wp\/v2\/posts\/16771\/revisions"}],"predecessor-version":[{"id":16773,"href":"https:\/\/elcafedepipa.com\/index.php\/wp-json\/wp\/v2\/posts\/16771\/revisions\/16773"}],"wp:featuredmedia":[{"embeddable":true,"href":"https:\/\/elcafedepipa.com\/index.php\/wp-json\/wp\/v2\/media\/16779"}],"wp:attachment":[{"href":"https:\/\/elcafedepipa.com\/index.php\/wp-json\/wp\/v2\/media?parent=16771"}],"wp:term":[{"taxonomy":"category","embeddable":true,"href":"https:\/\/elcafedepipa.com\/index.php\/wp-json\/wp\/v2\/categories?post=16771"},{"taxonomy":"post_tag","embeddable":true,"href":"https:\/\/elcafedepipa.com\/index.php\/wp-json\/wp\/v2\/tags?post=16771"}],"curies":[{"name":"wp","href":"https:\/\/api.w.org\/{rel}","templated":true}]}}