{"id":16768,"date":"2025-09-10T14:13:23","date_gmt":"2025-09-10T12:13:23","guid":{"rendered":"https:\/\/elcafedepipa.com\/?p=16768"},"modified":"2025-09-10T14:13:23","modified_gmt":"2025-09-10T12:13:23","slug":"la-naturalesa-dalfondeguilla-es-converteix-en-art-gracies-a-alfredo-guillamon","status":"publish","type":"post","link":"https:\/\/elcafedepipa.com\/index.php\/2025\/09\/10\/la-naturalesa-dalfondeguilla-es-converteix-en-art-gracies-a-alfredo-guillamon\/","title":{"rendered":"La naturalesa d&#8217;Alfondeguilla es converteix en art gr\u00e0cies a Alfredo Guillam\u00f3n"},"content":{"rendered":"\n<p>L&#8217;Artista murci\u00e0 Alfredo Guillam\u00f3n dona al municipi d&#8217;Alfondeguilla una de les peces de la seua exposici\u00f3 &#8220;Art i naturalesa&#8221;, creada a l&#8217;inici de l&#8217;any dins del programa de doctorat en Arts pl\u00e0stiques de la Universitat de Val\u00e8ncia. Per la relaci\u00f3 directa que t\u00e9 l&#8217;artista amb el CastroFestival i els seus directors, Carles Benlliure i Rebeca Castro, s&#8217;inicia este proc\u00e9s de donaci\u00f3 en pres\u00e8ncia de l&#8217;alcalde Salvador Ventura i s&#8217;inaugurar\u00e0 durant la setmana cultural d&#8217;Alfondeguilla. Una pe\u00e7a art\u00edstica creada en la pr\u00f2pia muntanya d&#8217;Alfondeguilla, amb materials biodegradables que dialoguen directament amb la sostenibilitat i el respecte pel medi ambient, ressaltant la bellesa natural que envolta Alfondeguilla.\u00a0<\/p>\n\n\n\n<p>La pe\u00e7a ha sigut traslladada des de Val\u00e8ncia i reposa en les instal\u00b7lacions del Llavador d&#8217;Alfondeguilla, per a comen\u00e7ar el seu proc\u00e9s de curaduria i instal\u00b7laci\u00f3, on es podr\u00e0 contemplar i gaudir, a m\u00e9s de con\u00e9ixer tot el proc\u00e9s de la seua creaci\u00f3 i la connexi\u00f3 que t\u00e9 amb les muntanyes d&#8217;Alfondeguilla. Un replica presa a pocs metres de l&#8217;entrada de la cova de Sant Vicent, lloc emblem\u00e0tic i molt visitat per ve\u00efns i senderistes.<\/p>\n","protected":false},"excerpt":{"rendered":"<p>L&#8217;Artista murci\u00e0 Alfredo Guillam\u00f3n dona al municipi d&#8217;Alfondeguilla una de les peces de la seua exposici\u00f3 &#8220;Art i naturalesa&#8221;, creada a l&#8217;inici de l&#8217;any dins del programa de doctorat en Arts pl\u00e0stiques de la Universitat de Val\u00e8ncia. Per la relaci\u00f3 directa que t\u00e9 l&#8217;artista amb el CastroFestival i els seus directors, Carles Benlliure i Rebeca &#8230; <a title=\"La naturalesa d&#8217;Alfondeguilla es converteix en art gr\u00e0cies a Alfredo Guillam\u00f3n\" class=\"read-more\" href=\"https:\/\/elcafedepipa.com\/index.php\/2025\/09\/10\/la-naturalesa-dalfondeguilla-es-converteix-en-art-gracies-a-alfredo-guillamon\/\" aria-label=\"M\u00e9s informaci\u00f3 sobre La naturalesa d&#8217;Alfondeguilla es converteix en art gr\u00e0cies a Alfredo Guillam\u00f3n\">Read more<\/a><\/p>\n","protected":false},"author":2,"featured_media":16769,"comment_status":"closed","ping_status":"closed","sticky":false,"template":"","format":"standard","meta":{"om_disable_all_campaigns":false,"_monsterinsights_skip_tracking":false,"_monsterinsights_sitenote_active":false,"_monsterinsights_sitenote_note":"","_monsterinsights_sitenote_category":0,"_uf_show_specific_survey":0,"_uf_disable_surveys":false,"footnotes":""},"categories":[9],"tags":[],"class_list":["post-16768","post","type-post","status-publish","format-standard","has-post-thumbnail","hentry","category-alfondeguilla"],"_links":{"self":[{"href":"https:\/\/elcafedepipa.com\/index.php\/wp-json\/wp\/v2\/posts\/16768","targetHints":{"allow":["GET"]}}],"collection":[{"href":"https:\/\/elcafedepipa.com\/index.php\/wp-json\/wp\/v2\/posts"}],"about":[{"href":"https:\/\/elcafedepipa.com\/index.php\/wp-json\/wp\/v2\/types\/post"}],"author":[{"embeddable":true,"href":"https:\/\/elcafedepipa.com\/index.php\/wp-json\/wp\/v2\/users\/2"}],"replies":[{"embeddable":true,"href":"https:\/\/elcafedepipa.com\/index.php\/wp-json\/wp\/v2\/comments?post=16768"}],"version-history":[{"count":1,"href":"https:\/\/elcafedepipa.com\/index.php\/wp-json\/wp\/v2\/posts\/16768\/revisions"}],"predecessor-version":[{"id":16770,"href":"https:\/\/elcafedepipa.com\/index.php\/wp-json\/wp\/v2\/posts\/16768\/revisions\/16770"}],"wp:featuredmedia":[{"embeddable":true,"href":"https:\/\/elcafedepipa.com\/index.php\/wp-json\/wp\/v2\/media\/16769"}],"wp:attachment":[{"href":"https:\/\/elcafedepipa.com\/index.php\/wp-json\/wp\/v2\/media?parent=16768"}],"wp:term":[{"taxonomy":"category","embeddable":true,"href":"https:\/\/elcafedepipa.com\/index.php\/wp-json\/wp\/v2\/categories?post=16768"},{"taxonomy":"post_tag","embeddable":true,"href":"https:\/\/elcafedepipa.com\/index.php\/wp-json\/wp\/v2\/tags?post=16768"}],"curies":[{"name":"wp","href":"https:\/\/api.w.org\/{rel}","templated":true}]}}