{"id":16765,"date":"2025-09-10T14:11:21","date_gmt":"2025-09-10T12:11:21","guid":{"rendered":"https:\/\/elcafedepipa.com\/?p=16765"},"modified":"2025-09-10T14:11:22","modified_gmt":"2025-09-10T12:11:22","slug":"el-sindic-de-greuges-avala-lajuntament-i-denuncia-la-inaccio-de-la-conselleria-en-la-residencia-llar-sagrada-familia","status":"publish","type":"post","link":"https:\/\/elcafedepipa.com\/index.php\/2025\/09\/10\/el-sindic-de-greuges-avala-lajuntament-i-denuncia-la-inaccio-de-la-conselleria-en-la-residencia-llar-sagrada-familia\/","title":{"rendered":"El S\u00edndic de Greuges avala l\u2019Ajuntament i denuncia la inacci\u00f3 de la Conselleria en la resid\u00e8ncia Llar Sagrada Fam\u00edlia"},"content":{"rendered":"\n<p><strong>La resoluci\u00f3 confirma que el consistori va actuar per protegir les persones residents i els treballadors, mentre la Generalitat va ignorar m\u00e9s de 50 avisos<\/strong><\/p>\n\n\n\n<p>L\u2019Ajuntament de la Vall d\u2019Uix\u00f3 ha fet p\u00fablica la resoluci\u00f3 del S\u00edndic de Greuges sobre la resid\u00e8ncia Llar Sagrada Fam\u00edlia, arran de la queixa presentada el 13 de novembre de 2024 davant la falta de resposta de la Conselleria de Serveis Socials. El document \u00e9s clar: l\u2019Ajuntament va actuar amb responsabilitat i dilig\u00e8ncia, mentre que la Generalitat va deixar sense resposta reiterades advert\u00e8ncies sobre les greus defici\u00e8ncies de l\u2019edifici.<\/p>\n\n\n\n<p>Els informes t\u00e8cnics alertaven d\u2019un risc real d\u2019incendi, de mancances en accessibilitat i de fallades en els sistemes d\u2019emerg\u00e8ncia, entre altres defici\u00e8ncies derivades de l\u2019antiguitat de l\u2019edifici. Malgrat la gravetat de la situaci\u00f3, la Conselleria va ignorar m\u00e9s de 50 cartes i notificacions enviades des de l\u2019Ajuntament, i fins i tot va continuar derivant residents al centre fins que el S\u00edndic va obrir la investigaci\u00f3.<\/p>\n\n\n\n<p>La resoluci\u00f3 del defensor del poble valenci\u00e0 assenyala, a m\u00e9s, la \u201cfalta de col\u00b7laboraci\u00f3\u201d de la Generalitat, que va ometre respondre preguntes fonamentals sobre la seguretat del centre, evidenciant \u201cuna actitud negligent davant una q\u00fcesti\u00f3 que afectava persones vulnerables\u201d, tal i com ha explicat el regidor de Serveis Socials, Jorge Marqu\u00e9s.<\/p>\n\n\n\n<p>En este sentit, ha remarcat que: l\u2019Ajuntament \u201cva actuar amb responsabilitat per garantir la seguretat de les treballadores i treballadors i de les persones residents\u201d, mentre que la Conselleria \u201cva donar la callada per resposta\u201d. Per a Marqu\u00e9s, \u00e9s \u201cmolt greu\u201d que davant una situaci\u00f3 aix\u00ed la Generalitat Valenciana \u201cmirara cap a un altre costat\u201d.<\/p>\n\n\n\n<p><strong>NOVA RESID\u00c8NCIA P\u00daBLICA<\/strong><\/p>\n\n\n\n<p>La resoluci\u00f3 del S\u00edndic de Greuges remarca que \u00e9s la Generalitat qui t\u00e9 les compet\u00e8ncies i obligacions en este \u00e0mbit i qui ha de donar solucions. Per aix\u00f2, l\u2019Ajuntament exigeix a la Conselleria que complisca amb les seues obligacions d\u2019inspeccionar, supervisar i garantir unes condicions de vida dignes i segures, i que fa\u00e7a realitat la construcci\u00f3 d\u2019una nova resid\u00e8ncia p\u00fablica a la Vall d\u2019Uix\u00f3, en els terrenys ja posats a la seua disposici\u00f3 pel municipi i sobre els quals encara no s\u2019ha rebut resposta.<\/p>\n\n\n\n<p>Amb este informe del S\u00edndic de Greuges es dona per tancat este proc\u00e9s de trasllat del servei, en el qual l\u2019Ajuntament va actuar davant la inacci\u00f3 de la Conselleria, amb l\u2019\u00fanic objectiu de garantir la seguretat tants del treballadors i treballadores com de les persones residents.<\/p>\n\n\n\n<p><\/p>\n","protected":false},"excerpt":{"rendered":"<p>La resoluci\u00f3 confirma que el consistori va actuar per protegir les persones residents i els treballadors, mentre la Generalitat va ignorar m\u00e9s de 50 avisos L\u2019Ajuntament de la Vall d\u2019Uix\u00f3 ha fet p\u00fablica la resoluci\u00f3 del S\u00edndic de Greuges sobre la resid\u00e8ncia Llar Sagrada Fam\u00edlia, arran de la queixa presentada el 13 de novembre de &#8230; <a title=\"El S\u00edndic de Greuges avala l\u2019Ajuntament i denuncia la inacci\u00f3 de la Conselleria en la resid\u00e8ncia Llar Sagrada Fam\u00edlia\" class=\"read-more\" href=\"https:\/\/elcafedepipa.com\/index.php\/2025\/09\/10\/el-sindic-de-greuges-avala-lajuntament-i-denuncia-la-inaccio-de-la-conselleria-en-la-residencia-llar-sagrada-familia\/\" aria-label=\"M\u00e9s informaci\u00f3 sobre El S\u00edndic de Greuges avala l\u2019Ajuntament i denuncia la inacci\u00f3 de la Conselleria en la resid\u00e8ncia Llar Sagrada Fam\u00edlia\">Read more<\/a><\/p>\n","protected":false},"author":2,"featured_media":16766,"comment_status":"closed","ping_status":"closed","sticky":false,"template":"","format":"standard","meta":{"om_disable_all_campaigns":false,"_monsterinsights_skip_tracking":false,"_monsterinsights_sitenote_active":false,"_monsterinsights_sitenote_note":"","_monsterinsights_sitenote_category":0,"_uf_show_specific_survey":0,"_uf_disable_surveys":false,"footnotes":""},"categories":[1],"tags":[],"class_list":["post-16765","post","type-post","status-publish","format-standard","has-post-thumbnail","hentry","category-non-classe"],"_links":{"self":[{"href":"https:\/\/elcafedepipa.com\/index.php\/wp-json\/wp\/v2\/posts\/16765","targetHints":{"allow":["GET"]}}],"collection":[{"href":"https:\/\/elcafedepipa.com\/index.php\/wp-json\/wp\/v2\/posts"}],"about":[{"href":"https:\/\/elcafedepipa.com\/index.php\/wp-json\/wp\/v2\/types\/post"}],"author":[{"embeddable":true,"href":"https:\/\/elcafedepipa.com\/index.php\/wp-json\/wp\/v2\/users\/2"}],"replies":[{"embeddable":true,"href":"https:\/\/elcafedepipa.com\/index.php\/wp-json\/wp\/v2\/comments?post=16765"}],"version-history":[{"count":1,"href":"https:\/\/elcafedepipa.com\/index.php\/wp-json\/wp\/v2\/posts\/16765\/revisions"}],"predecessor-version":[{"id":16767,"href":"https:\/\/elcafedepipa.com\/index.php\/wp-json\/wp\/v2\/posts\/16765\/revisions\/16767"}],"wp:featuredmedia":[{"embeddable":true,"href":"https:\/\/elcafedepipa.com\/index.php\/wp-json\/wp\/v2\/media\/16766"}],"wp:attachment":[{"href":"https:\/\/elcafedepipa.com\/index.php\/wp-json\/wp\/v2\/media?parent=16765"}],"wp:term":[{"taxonomy":"category","embeddable":true,"href":"https:\/\/elcafedepipa.com\/index.php\/wp-json\/wp\/v2\/categories?post=16765"},{"taxonomy":"post_tag","embeddable":true,"href":"https:\/\/elcafedepipa.com\/index.php\/wp-json\/wp\/v2\/tags?post=16765"}],"curies":[{"name":"wp","href":"https:\/\/api.w.org\/{rel}","templated":true}]}}