{"id":16762,"date":"2025-09-09T15:02:10","date_gmt":"2025-09-09T13:02:10","guid":{"rendered":"https:\/\/elcafedepipa.com\/?p=16762"},"modified":"2025-09-09T15:02:11","modified_gmt":"2025-09-09T13:02:11","slug":"el-centre-municipal-de-formacio-de-persones-adultes-marisol-gonzalez-felip-de-nules-comenca-un-nou-curs-apostant-per-la-formacio-en-noves-tecnologies","status":"publish","type":"post","link":"https:\/\/elcafedepipa.com\/index.php\/2025\/09\/09\/el-centre-municipal-de-formacio-de-persones-adultes-marisol-gonzalez-felip-de-nules-comenca-un-nou-curs-apostant-per-la-formacio-en-noves-tecnologies\/","title":{"rendered":"El Centre Municipal de Formaci\u00f3 de Persones Adultes &#8220;Marisol Gonz\u00e1lez Felip&#8221; de Nules comen\u00e7a un nou curs apostant per la formaci\u00f3 en noves tecnologies"},"content":{"rendered":"\n<p><strong>Com cada any presenta una completa programaci\u00f3 amb cursos de formaci\u00f3&nbsp; de diferents modalitats<\/strong><\/p>\n\n\n\n<p>El Centre de Formaci\u00f3 de Persones Adultes (FPA) \u201cMarisol Gonz\u00e1lez Felip\u201d de Nules ha obert algunes matriculacions per a comen\u00e7ar aquest mes amb els diferents cursos que tindran lloc enguany, de fet&nbsp; aquest centre homologat de Nules prepara cada any una ampla oferta educativa que l\u2019ha portat a ser un centre referent en formaci\u00f3 permanent a la comarca de la Plana Baixa.<\/p>\n\n\n\n<p>Aix\u00ed doncs, les matr\u00edcules per a les persones empadronades a Nules o a Mascarell estan obertes des del passat 2 de setembre, i a partir del 29 de setembre comen\u00e7ar\u00e0 el per\u00edode de matriculaci\u00f3 per a la resta de persones interessades.<\/p>\n\n\n\n<p>No obstant aix\u00f2, per a aquest curs la programaci\u00f3 presenta diferents novetats amb una aposta ferma per la formaci\u00f3 en noves tecnologies. En aquest sentit, cal destacar els cursos de capacitaci\u00f3 digital de la ciutadania amb un curs d\u2019 Intel\u00b7lig\u00e8ncia Artificial, el curs \u201cTrobar treball per internet\u201d, o el curs \u201cCom crear continguts digitals\u201d; a m\u00e9s als cursos de formaci\u00f3 complement\u00e0ria i temps lliure tamb\u00e9 s\u2019incorpora, com a novetat, un curs de disseny i impressi\u00f3 en 3D.<\/p>\n\n\n\n<p>El Centre Municipal de Formaci\u00f3 de Persones Adultes de Nules compta amb cursos de titulaci\u00f3 oficial com el Curs de Formaci\u00f3 B\u00e0sica de Persones Adultes o el Curs de Graduat en Secund\u00e0ria, que comen\u00e7aran la pr\u00f2xima setmana.<\/p>\n\n\n\n<p>De fet, molt alumnat aprofita tamb\u00e9 la formaci\u00f3 per adquirir noves compet\u00e8ncies professionals que el centre ofereix, per a ampliar les possibilitats laborals, i tindre m\u00e9s oportunitats de treball. \u00c9s aix\u00ed que el Centre FPA \u201cMarisol Gonz\u00e1lez Felip\u201d de Nules compta amb els Cursos de Preparaci\u00f3 per a les Proves d\u2019Acc\u00e9s a Cicles Formatius de GrauMitj\u00e0 i de Grau Superior; i tamb\u00e9 amb el<\/p>\n\n\n\n<p>Curs de Preparaci\u00f3 per a l\u2019Acc\u00e9s a la Universitat per a majors de 25 i de 45 anys. &nbsp;Cal tamb\u00e9 destacar l\u2019ampla oferta de cursos de valenci\u00e0, on es prepara per a les proves dels nivells B1, B2, C1 i C2.<\/p>\n\n\n\n<p>\u201cLa matr\u00edcula per als cursos relacionats amb el sistema educatiu oficial \u00e9s gratu\u00efta, i tamb\u00e9 els de preparaci\u00f3 per a la prova d\u2019acc\u00e9s als cicles formatius, els cursos de valenci\u00e0, el curs d\u2019acc\u00e9s a la Universitat, i els cursos de lleng\u00fces, castell\u00e0 i valenci\u00e0, per a estrangers. El que es vol \u00e9s que tothom puga millorar la seua formaci\u00f3 educativa i que el factor econ\u00f2mic no siga un impediment\u201d, explica Rosa Ventura, regidora d\u2019Educaci\u00f3.<\/p>\n\n\n\n<p>D\u2019altra banda, el Centre de Formaci\u00f3 de Persones Adultes tamb\u00e9 presenta &nbsp;una variada programaci\u00f3 de formaci\u00f3 complement\u00e0ria amb cursos de preparaci\u00f3 de franc\u00e8s A1 i A2, Speaking English Practice, o compet\u00e8ncies digitals; entre d\u2019altres. Tamb\u00e9 compta amb cursos per al temps lliure i activitats d\u2019oci amb escriptura&nbsp; creativa i pr\u00e0ctica po\u00e8tica; fotografia; tallers de pintura i dibuix; cuina; restauraci\u00f3 de mobles; costura; o ball que tenen ampla participaci\u00f3 entre la poblaci\u00f3 de Nules&nbsp; i de la comarca de la Plana Baixa.<\/p>\n","protected":false},"excerpt":{"rendered":"<p>Com cada any presenta una completa programaci\u00f3 amb cursos de formaci\u00f3&nbsp; de diferents modalitats El Centre de Formaci\u00f3 de Persones Adultes (FPA) \u201cMarisol Gonz\u00e1lez Felip\u201d de Nules ha obert algunes matriculacions per a comen\u00e7ar aquest mes amb els diferents cursos que tindran lloc enguany, de fet&nbsp; aquest centre homologat de Nules prepara cada any una &#8230; <a title=\"El Centre Municipal de Formaci\u00f3 de Persones Adultes &#8220;Marisol Gonz\u00e1lez Felip&#8221; de Nules comen\u00e7a un nou curs apostant per la formaci\u00f3 en noves tecnologies\" class=\"read-more\" href=\"https:\/\/elcafedepipa.com\/index.php\/2025\/09\/09\/el-centre-municipal-de-formacio-de-persones-adultes-marisol-gonzalez-felip-de-nules-comenca-un-nou-curs-apostant-per-la-formacio-en-noves-tecnologies\/\" aria-label=\"M\u00e9s informaci\u00f3 sobre El Centre Municipal de Formaci\u00f3 de Persones Adultes &#8220;Marisol Gonz\u00e1lez Felip&#8221; de Nules comen\u00e7a un nou curs apostant per la formaci\u00f3 en noves tecnologies\">Read more<\/a><\/p>\n","protected":false},"author":2,"featured_media":16763,"comment_status":"closed","ping_status":"closed","sticky":false,"template":"","format":"standard","meta":{"om_disable_all_campaigns":false,"_monsterinsights_skip_tracking":false,"_monsterinsights_sitenote_active":false,"_monsterinsights_sitenote_note":"","_monsterinsights_sitenote_category":0,"_uf_show_specific_survey":0,"_uf_disable_surveys":false,"footnotes":""},"categories":[3],"tags":[],"class_list":["post-16762","post","type-post","status-publish","format-standard","has-post-thumbnail","hentry","category-nules"],"_links":{"self":[{"href":"https:\/\/elcafedepipa.com\/index.php\/wp-json\/wp\/v2\/posts\/16762","targetHints":{"allow":["GET"]}}],"collection":[{"href":"https:\/\/elcafedepipa.com\/index.php\/wp-json\/wp\/v2\/posts"}],"about":[{"href":"https:\/\/elcafedepipa.com\/index.php\/wp-json\/wp\/v2\/types\/post"}],"author":[{"embeddable":true,"href":"https:\/\/elcafedepipa.com\/index.php\/wp-json\/wp\/v2\/users\/2"}],"replies":[{"embeddable":true,"href":"https:\/\/elcafedepipa.com\/index.php\/wp-json\/wp\/v2\/comments?post=16762"}],"version-history":[{"count":1,"href":"https:\/\/elcafedepipa.com\/index.php\/wp-json\/wp\/v2\/posts\/16762\/revisions"}],"predecessor-version":[{"id":16764,"href":"https:\/\/elcafedepipa.com\/index.php\/wp-json\/wp\/v2\/posts\/16762\/revisions\/16764"}],"wp:featuredmedia":[{"embeddable":true,"href":"https:\/\/elcafedepipa.com\/index.php\/wp-json\/wp\/v2\/media\/16763"}],"wp:attachment":[{"href":"https:\/\/elcafedepipa.com\/index.php\/wp-json\/wp\/v2\/media?parent=16762"}],"wp:term":[{"taxonomy":"category","embeddable":true,"href":"https:\/\/elcafedepipa.com\/index.php\/wp-json\/wp\/v2\/categories?post=16762"},{"taxonomy":"post_tag","embeddable":true,"href":"https:\/\/elcafedepipa.com\/index.php\/wp-json\/wp\/v2\/tags?post=16762"}],"curies":[{"name":"wp","href":"https:\/\/api.w.org\/{rel}","templated":true}]}}