{"id":16744,"date":"2025-09-09T12:56:20","date_gmt":"2025-09-09T10:56:20","guid":{"rendered":"https:\/\/elcafedepipa.com\/?p=16744"},"modified":"2025-09-09T12:56:21","modified_gmt":"2025-09-09T10:56:21","slug":"marta-barrachina-reivindica-al-govern-despanya-un-financament-just-i-que-pague-els-105-milions-que-deu-a-la-diputacio-de-castello","status":"publish","type":"post","link":"https:\/\/elcafedepipa.com\/index.php\/2025\/09\/09\/marta-barrachina-reivindica-al-govern-despanya-un-financament-just-i-que-pague-els-105-milions-que-deu-a-la-diputacio-de-castello\/","title":{"rendered":"Marta Barrachina reivindica al Govern d&#8217;Espanya &#8220;un finan\u00e7ament just i que pague els 105 milions que deu a la Diputaci\u00f3 de Castell\u00f3&#8221;"},"content":{"rendered":"\n<p>La presidenta de la Diputaci\u00f3 de Castell\u00f3 lamenta que, iniciat el mes de setembre, el Govern Central seguisca sense Pressupostos Generals i torna a reclamar a l&#8217;executiu central que aporte als ajuntaments la quantitat que els correspon per llei per la recaptaci\u00f3 dels tributs de l&#8217;Estat. \u201cContinuem amb la mateixa exig\u00e8ncia al Govern d&#8217;Espanya: que complisca amb la nostra prov\u00edncia\u201d, ha incidit la dirigent provincial.<\/p>\n\n\n\n<p>Per a la presidenta de la instituci\u00f3 provincial \u00e9s \u201cinconcebible que el Govern d&#8217;Espanya castigue les administracions m\u00e9s pr\u00f2ximes, les que resolen els problemes, les que practiquem l&#8217;escolta activa\u201d \u201cVull donar un toc d&#8217;atenci\u00f3 i reclamar al Govern Central que mire a la prov\u00edncia i aposte de veritat pel seu potencial. Som una terra amb talent, amb capacitat i amb ganes de cr\u00e9ixer, i no podem permetre m\u00e9s aband\u00f3\u201d. I \u00e9s que, com ha subratllat Marta Barrachina, \u201ceste silenci per resposta per part del Govern d&#8217;Espanya \u00e9s un silenci que no \u00e9s per a esta presidenta, sin\u00f3 per a cobrir les necessitats i demandes dels 135 municipis de la nostra prov\u00edncia i veuen com el Govern no els escolta\u201d.<\/p>\n\n\n\n<p>La m\u00e0xima representant de la instituci\u00f3 provincial ha recordat que, a l&#8217;exig\u00e8ncia d&#8217;uns Pressupostos Generals de l&#8217;Estat, se suma reclamar a l&#8217;executiu central que aporte a les Entitats Locals la quantitat que els correspon per llei per la recaptaci\u00f3 dels tributs de l&#8217;Estat. El Govern d&#8217;Espanya actualment deu m\u00e9s de 200 milions d&#8217;euros als municipis de la prov\u00edncia i, d&#8217;eixos diners que es deuen, en el cas de la Diputaci\u00f3 s\u00f3n m\u00e9s de 105 milions d&#8217;euros. \u201cEls diners que deu el Govern d&#8217;Espanya a esta Diputaci\u00f3 equival a la mitat del pressupost de la instituci\u00f3 provincial\u201d ha remarcat Marta Barrachina, qui, com a exemple ha comentat que \u201cs\u00f3n uns diners amb els quals podr\u00edem triplicar el pressupost destinat a sumar recursos per a atendre les administracions locals a trav\u00e9s de programes com el Pla Impulsa, Diputaci\u00f3 Resol, Diputaci\u00f3 Respon, millores en carreteres o convenis\u201d. \u201cPodr\u00edem condicionar 175 quil\u00f2metres de carreteres; o podr\u00edem destinar-ho a sumar m\u00e9s millores en programes de benestar social com les SPAP, les Unitats de Conciliaci\u00f3 Familiar o Escoles Matineres. Seria m\u00e9s diners per a m\u00e9s millores en infraestructures h\u00eddriques, esportives i tota una s\u00e8rie d&#8217;inversions destinades al nostre eix de govern: el benestar de les persones i el desenrotllament, progr\u00e9s i futur de la nostra prov\u00edncia\u201d, ha afirmat la presidenta.<\/p>\n\n\n\n<p>Davant esta situaci\u00f3, des de la instituci\u00f3 provincial continuaran al\u00e7ant la veu i \u201cinstem l&#8217;executiu central a incrementar la participaci\u00f3 dels Ingressos de l&#8217;Estat (PEU) per a les entitats locals de la prov\u00edncia en la mateixa proporci\u00f3 en qu\u00e8 ha crescut la recaptaci\u00f3 de l&#8217;Estat a la nostra prov\u00edncia\u201d, insistix la presidenta de la Diputaci\u00f3 qui tamb\u00e9 torna a reclamar al Govern d&#8217;Espanya a realitzar el pagament de les quantitats que deu a les entitats locals de Castell\u00f3. \u201cUna exig\u00e8ncia de just\u00edcia, ja que la situaci\u00f3 financera dels nostres ajuntaments \u00e9s insostenible\u201d, ha destacat Marta Barrachina.<\/p>\n\n\n\n<p>En este punt recordar que la Comissi\u00f3 Mixta per a les Relacions amb el Tribunal de Comptes, en la seua sessi\u00f3 del dia 10 de juny de 2025, a la vista de l&#8217;Informe rem\u00e9s per eixe Alt Tribunal sobre l&#8217;Informe de fiscalitzaci\u00f3 del sector p\u00fablic local, dona la ra\u00f3 a la Diputaci\u00f3 de Castell\u00f3 ja que, entre altres punts, va resoldre instar el Govern a actualitzar les assignacions per participaci\u00f3 en els tributs de l&#8217;Estat de les entitats locals neutralitzant aix\u00ed el minvament patit per les pr\u00f2rrogues dels Pressupostos Generals de l&#8217;Estat.<\/p>\n\n\n\n<p>Des del Govern Provincial reclamen al Govern Central que actue amb celeritat i responsabilitat en l&#8217;aprovaci\u00f3 dels Pressupostos Generals de l&#8217;Estat. \u201cNecessitem un marc fiscal que permeta a les diputacions, igual que als ajuntaments, a planificar i gestionar els nostres recursos amb previsi\u00f3 i certesa i, aix\u00ed, continuar sent eficaces\u201d.<\/p>\n","protected":false},"excerpt":{"rendered":"<p>La presidenta de la Diputaci\u00f3 de Castell\u00f3 lamenta que, iniciat el mes de setembre, el Govern Central seguisca sense Pressupostos Generals i torna a reclamar a l&#8217;executiu central que aporte als ajuntaments la quantitat que els correspon per llei per la recaptaci\u00f3 dels tributs de l&#8217;Estat. \u201cContinuem amb la mateixa exig\u00e8ncia al Govern d&#8217;Espanya: que &#8230; <a title=\"Marta Barrachina reivindica al Govern d&#8217;Espanya &#8220;un finan\u00e7ament just i que pague els 105 milions que deu a la Diputaci\u00f3 de Castell\u00f3&#8221;\" class=\"read-more\" href=\"https:\/\/elcafedepipa.com\/index.php\/2025\/09\/09\/marta-barrachina-reivindica-al-govern-despanya-un-financament-just-i-que-pague-els-105-milions-que-deu-a-la-diputacio-de-castello\/\" aria-label=\"M\u00e9s informaci\u00f3 sobre Marta Barrachina reivindica al Govern d&#8217;Espanya &#8220;un finan\u00e7ament just i que pague els 105 milions que deu a la Diputaci\u00f3 de Castell\u00f3&#8221;\">Read more<\/a><\/p>\n","protected":false},"author":2,"featured_media":16745,"comment_status":"closed","ping_status":"closed","sticky":false,"template":"","format":"standard","meta":{"om_disable_all_campaigns":false,"_monsterinsights_skip_tracking":false,"_monsterinsights_sitenote_active":false,"_monsterinsights_sitenote_note":"","_monsterinsights_sitenote_category":0,"_uf_show_specific_survey":0,"_uf_disable_surveys":false,"footnotes":""},"categories":[10],"tags":[],"class_list":["post-16744","post","type-post","status-publish","format-standard","has-post-thumbnail","hentry","category-provinciadecastello"],"_links":{"self":[{"href":"https:\/\/elcafedepipa.com\/index.php\/wp-json\/wp\/v2\/posts\/16744","targetHints":{"allow":["GET"]}}],"collection":[{"href":"https:\/\/elcafedepipa.com\/index.php\/wp-json\/wp\/v2\/posts"}],"about":[{"href":"https:\/\/elcafedepipa.com\/index.php\/wp-json\/wp\/v2\/types\/post"}],"author":[{"embeddable":true,"href":"https:\/\/elcafedepipa.com\/index.php\/wp-json\/wp\/v2\/users\/2"}],"replies":[{"embeddable":true,"href":"https:\/\/elcafedepipa.com\/index.php\/wp-json\/wp\/v2\/comments?post=16744"}],"version-history":[{"count":1,"href":"https:\/\/elcafedepipa.com\/index.php\/wp-json\/wp\/v2\/posts\/16744\/revisions"}],"predecessor-version":[{"id":16746,"href":"https:\/\/elcafedepipa.com\/index.php\/wp-json\/wp\/v2\/posts\/16744\/revisions\/16746"}],"wp:featuredmedia":[{"embeddable":true,"href":"https:\/\/elcafedepipa.com\/index.php\/wp-json\/wp\/v2\/media\/16745"}],"wp:attachment":[{"href":"https:\/\/elcafedepipa.com\/index.php\/wp-json\/wp\/v2\/media?parent=16744"}],"wp:term":[{"taxonomy":"category","embeddable":true,"href":"https:\/\/elcafedepipa.com\/index.php\/wp-json\/wp\/v2\/categories?post=16744"},{"taxonomy":"post_tag","embeddable":true,"href":"https:\/\/elcafedepipa.com\/index.php\/wp-json\/wp\/v2\/tags?post=16744"}],"curies":[{"name":"wp","href":"https:\/\/api.w.org\/{rel}","templated":true}]}}