{"id":16725,"date":"2025-09-08T20:09:36","date_gmt":"2025-09-08T18:09:36","guid":{"rendered":"https:\/\/elcafedepipa.com\/?p=16725"},"modified":"2025-09-08T20:09:37","modified_gmt":"2025-09-08T18:09:37","slug":"la-vall-duixo-sincorpora-per-primera-vegada-al-circuit-cultural-valencia","status":"publish","type":"post","link":"https:\/\/elcafedepipa.com\/index.php\/2025\/09\/08\/la-vall-duixo-sincorpora-per-primera-vegada-al-circuit-cultural-valencia\/","title":{"rendered":"La Vall d&#8217;Uix\u00f3 s&#8217;incorpora per primera vegada al Circuit Cultural Valenci\u00e0."},"content":{"rendered":"\n<p><strong>El municipi rep 8.000 euros per a impulsar teatre, dansa i circ i s&#8217;integra en la xarxa cultural gestionada per l&#8217;Institut Valenci\u00e0 de Cultura<\/strong><\/p>\n\n\n\n<p>L&#8217;Ajuntament ha anunciat que la Vall d&#8217;Uix\u00f3 ha aconseguit per primera vegada formar part del Circuit Cultural Valenci\u00e0, una xarxa de municipis que formen part del programa d&#8217;activitats que coordina i gestiona l&#8217;Institut Valenci\u00e0 de Cultura (IVC).<\/p>\n\n\n\n<p>El regidor de Cultura, Jorge Marqu\u00e9s, ha expressat que aquesta \u00e9s \u201cuna molt bona not\u00edcia per a la Vall per un doble motiu: \u201cperqu\u00e8 ens posiciona dins del mapa cultural valenci\u00e0 i perqu\u00e8 suposa rebre una ajuda econ\u00f2mica directa de 8.000 euros per a la promoci\u00f3 del teatre, la dansa i el circ\u201d.<\/p>\n\n\n\n<p>A m\u00e9s la Vall d&#8217;Uix\u00f3 rebr\u00e0 activitats que estan dins del circuit i \u201cens situem de ple en aquesta xarxa cultural valenciana\u201d, la qual cosa suposa \u201cun dels primers passos que hav\u00edem de donar per a professionalitzar la labor cultural i creativa a la nostra ciutat, ajudant a totes les persones que treballen o viuen del sector\u201d, ha apuntat Marqu\u00e9s.<\/p>\n\n\n\n<p>En aquest sentit, ha considerat que adherir-se al Circuit Cultural Valenci\u00e0 \u00e9s \u201cuna oportunitat d&#8217;obrir un nou sector econ\u00f2mic i productiu en la Vall, capa\u00e7 de donar treball als ve\u00efns i ve\u00efnes\u201d.<\/p>\n","protected":false},"excerpt":{"rendered":"<p>El municipi rep 8.000 euros per a impulsar teatre, dansa i circ i s&#8217;integra en la xarxa cultural gestionada per l&#8217;Institut Valenci\u00e0 de Cultura L&#8217;Ajuntament ha anunciat que la Vall d&#8217;Uix\u00f3 ha aconseguit per primera vegada formar part del Circuit Cultural Valenci\u00e0, una xarxa de municipis que formen part del programa d&#8217;activitats que coordina i &#8230; <a title=\"La Vall d&#8217;Uix\u00f3 s&#8217;incorpora per primera vegada al Circuit Cultural Valenci\u00e0.\" class=\"read-more\" href=\"https:\/\/elcafedepipa.com\/index.php\/2025\/09\/08\/la-vall-duixo-sincorpora-per-primera-vegada-al-circuit-cultural-valencia\/\" aria-label=\"M\u00e9s informaci\u00f3 sobre La Vall d&#8217;Uix\u00f3 s&#8217;incorpora per primera vegada al Circuit Cultural Valenci\u00e0.\">Read more<\/a><\/p>\n","protected":false},"author":2,"featured_media":16726,"comment_status":"closed","ping_status":"closed","sticky":false,"template":"","format":"standard","meta":{"om_disable_all_campaigns":false,"_monsterinsights_skip_tracking":false,"_monsterinsights_sitenote_active":false,"_monsterinsights_sitenote_note":"","_monsterinsights_sitenote_category":0,"_uf_show_specific_survey":0,"_uf_disable_surveys":false,"footnotes":""},"categories":[1],"tags":[],"class_list":["post-16725","post","type-post","status-publish","format-standard","has-post-thumbnail","hentry","category-non-classe"],"_links":{"self":[{"href":"https:\/\/elcafedepipa.com\/index.php\/wp-json\/wp\/v2\/posts\/16725","targetHints":{"allow":["GET"]}}],"collection":[{"href":"https:\/\/elcafedepipa.com\/index.php\/wp-json\/wp\/v2\/posts"}],"about":[{"href":"https:\/\/elcafedepipa.com\/index.php\/wp-json\/wp\/v2\/types\/post"}],"author":[{"embeddable":true,"href":"https:\/\/elcafedepipa.com\/index.php\/wp-json\/wp\/v2\/users\/2"}],"replies":[{"embeddable":true,"href":"https:\/\/elcafedepipa.com\/index.php\/wp-json\/wp\/v2\/comments?post=16725"}],"version-history":[{"count":1,"href":"https:\/\/elcafedepipa.com\/index.php\/wp-json\/wp\/v2\/posts\/16725\/revisions"}],"predecessor-version":[{"id":16727,"href":"https:\/\/elcafedepipa.com\/index.php\/wp-json\/wp\/v2\/posts\/16725\/revisions\/16727"}],"wp:featuredmedia":[{"embeddable":true,"href":"https:\/\/elcafedepipa.com\/index.php\/wp-json\/wp\/v2\/media\/16726"}],"wp:attachment":[{"href":"https:\/\/elcafedepipa.com\/index.php\/wp-json\/wp\/v2\/media?parent=16725"}],"wp:term":[{"taxonomy":"category","embeddable":true,"href":"https:\/\/elcafedepipa.com\/index.php\/wp-json\/wp\/v2\/categories?post=16725"},{"taxonomy":"post_tag","embeddable":true,"href":"https:\/\/elcafedepipa.com\/index.php\/wp-json\/wp\/v2\/tags?post=16725"}],"curies":[{"name":"wp","href":"https:\/\/api.w.org\/{rel}","templated":true}]}}