{"id":16718,"date":"2025-09-08T13:57:17","date_gmt":"2025-09-08T11:57:17","guid":{"rendered":"https:\/\/elcafedepipa.com\/?p=16718"},"modified":"2025-09-08T13:57:17","modified_gmt":"2025-09-08T11:57:17","slug":"jose-luis-lorenz-pspv-critica-la-posada-en-marxa-de-la-llei-que-arracona-el-valencia-i-segrega-lalumnat-per-eleccio-de-llengua-en-nom-duna-falsa-llibertat-educativa","status":"publish","type":"post","link":"https:\/\/elcafedepipa.com\/index.php\/2025\/09\/08\/jose-luis-lorenz-pspv-critica-la-posada-en-marxa-de-la-llei-que-arracona-el-valencia-i-segrega-lalumnat-per-eleccio-de-llengua-en-nom-duna-falsa-llibertat-educativa\/","title":{"rendered":"Jos\u00e9 Luis Lorenz (PSPV) critica la posada en marxa de la llei &#8220;que arracona el valenci\u00e0&#8221; i segrega l\u2019alumnat &#8220;per elecci\u00f3 de llengua en nom d\u2019una falsa llibertat educativa\u201d"},"content":{"rendered":"\n<p>El portaveu d\u2019Educaci\u00f3 del PSPV-PSOE a les Corts Valencianes, Jos\u00e9 Luis Lorenz, ha advertit aquest dilluns que el curs acad\u00e8mic 2025-2026 ha comen\u00e7at marcat pel \u201ccaos i les retallades\u201d del Consell de Carlos Maz\u00f3n, amb el suport de Vox, i pel rebuig obert de la comunitat educativa, que s\u2019ha escenificat amb una vaga del professorat d\u2019FP. \u201cEl professorat est\u00e0 fart del menyspreu i dels atacs continus cap a aquesta modalitat per part de Maz\u00f3n i de Jos\u00e9 Antonio Rovira\u201d, ha assenyalat.<br><br>Segons ha detallat Lorenz, les xifres que acompanyen l\u2019inici del curs \u201cs\u00f3n esgarrifoses\u201d. En nom\u00e9s dos anys, el Consell ha esquilat el pressupost de la Conselleria d\u2019Educaci\u00f3, ha passat la tisora a les escoles d\u2019adults i ha retallat els recursos destinats a infantil, prim\u00e0ria i secund\u00e0ria per a l\u2019autonomia de centres i l\u2019atenci\u00f3 a la diversitat. \u201cAix\u00f2 significa menys possibilitats de fer desdoblaments i menys professorat de suport a les aules\u201d, ha denunciat.<br><br>El portaveu socialista ha recordat tamb\u00e9 que el govern del PP i VOX ha redu\u00eft de 30 a 25 els cicles semipresencials de Formaci\u00f3 Professional, la qual cosa implica menys hores lectives i, per tant, menys professorat. A m\u00e9s a m\u00e9s, han empitjorat les condicions del professorat expert procedent del m\u00f3n productiu, \u201cprecisament qui aporta la part m\u00e9s pr\u00e0ctica i essencial dels estudis d\u2019FP\u201d.<br><br>Per a Lorenz, l\u2019alumnat valenci\u00e0 i les seues fam\u00edlies \u201cno mereixen un govern capa\u00e7 de posar pals a les rodes al futur de milers de joves\u201d. En aquest sentit, ha expressat el suport del PSPV a les mobilitzacions convocades aquest dilluns davant les direccions territorials d\u2019Educaci\u00f3, entre elles la de Castell\u00f3 de la Plana.<br><br><strong>Un curs amb menys valenci\u00e0<br><\/strong>El dirigent socialista ha criticat tamb\u00e9 la posada en marxa de la nova llei educativa del PP i VOX, que \u2014ha dit\u2014 busca \u201carraconar el valenci\u00e0 a trav\u00e9s d\u2019una falsa llibertat educativa que genera segregaci\u00f3 a les aules i que no garanteix ni les compet\u00e8ncies ling\u00fc\u00edstiques en acabar l\u2019etapa obligat\u00f2ria ni l\u2019ensenyament en la nostra llengua pr\u00f2pia\u201d.<br><br>\u201cMoltes fam\u00edlies han triat un model i se n\u2019han trobat imposat un altre, una mostra m\u00e9s de la incompet\u00e8ncia i del menyspreu del senyor Rovira i de la senyora Barrachina cap a la llengua de tots els valencians i l\u2019educaci\u00f3 p\u00fablica\u201d, ha assenyalat.<br><br>Jos\u00e9 Luis Lorenz ha concl\u00f2s que \u201cel curs arranca una vegada m\u00e9s amb retallades, caos i segregaci\u00f3 perqu\u00e8, per al PP, l\u2019educaci\u00f3 p\u00fablica no \u00e9s una prioritat; i les fam\u00edlies i el professorat ho estan patint en primera person<\/p>\n","protected":false},"excerpt":{"rendered":"<p>El portaveu d\u2019Educaci\u00f3 del PSPV-PSOE a les Corts Valencianes, Jos\u00e9 Luis Lorenz, ha advertit aquest dilluns que el curs acad\u00e8mic 2025-2026 ha comen\u00e7at marcat pel \u201ccaos i les retallades\u201d del Consell de Carlos Maz\u00f3n, amb el suport de Vox, i pel rebuig obert de la comunitat educativa, que s\u2019ha escenificat amb una vaga del professorat &#8230; <a title=\"Jos\u00e9 Luis Lorenz (PSPV) critica la posada en marxa de la llei &#8220;que arracona el valenci\u00e0&#8221; i segrega l\u2019alumnat &#8220;per elecci\u00f3 de llengua en nom d\u2019una falsa llibertat educativa\u201d\" class=\"read-more\" href=\"https:\/\/elcafedepipa.com\/index.php\/2025\/09\/08\/jose-luis-lorenz-pspv-critica-la-posada-en-marxa-de-la-llei-que-arracona-el-valencia-i-segrega-lalumnat-per-eleccio-de-llengua-en-nom-duna-falsa-llibertat-educativa\/\" aria-label=\"M\u00e9s informaci\u00f3 sobre Jos\u00e9 Luis Lorenz (PSPV) critica la posada en marxa de la llei &#8220;que arracona el valenci\u00e0&#8221; i segrega l\u2019alumnat &#8220;per elecci\u00f3 de llengua en nom d\u2019una falsa llibertat educativa\u201d\">Read more<\/a><\/p>\n","protected":false},"author":2,"featured_media":16719,"comment_status":"closed","ping_status":"closed","sticky":false,"template":"","format":"standard","meta":{"om_disable_all_campaigns":false,"_monsterinsights_skip_tracking":false,"_monsterinsights_sitenote_active":false,"_monsterinsights_sitenote_note":"","_monsterinsights_sitenote_category":0,"_uf_show_specific_survey":0,"_uf_disable_surveys":false,"footnotes":""},"categories":[11],"tags":[],"class_list":["post-16718","post","type-post","status-publish","format-standard","has-post-thumbnail","hentry","category-comunitatvalenciana"],"_links":{"self":[{"href":"https:\/\/elcafedepipa.com\/index.php\/wp-json\/wp\/v2\/posts\/16718","targetHints":{"allow":["GET"]}}],"collection":[{"href":"https:\/\/elcafedepipa.com\/index.php\/wp-json\/wp\/v2\/posts"}],"about":[{"href":"https:\/\/elcafedepipa.com\/index.php\/wp-json\/wp\/v2\/types\/post"}],"author":[{"embeddable":true,"href":"https:\/\/elcafedepipa.com\/index.php\/wp-json\/wp\/v2\/users\/2"}],"replies":[{"embeddable":true,"href":"https:\/\/elcafedepipa.com\/index.php\/wp-json\/wp\/v2\/comments?post=16718"}],"version-history":[{"count":1,"href":"https:\/\/elcafedepipa.com\/index.php\/wp-json\/wp\/v2\/posts\/16718\/revisions"}],"predecessor-version":[{"id":16720,"href":"https:\/\/elcafedepipa.com\/index.php\/wp-json\/wp\/v2\/posts\/16718\/revisions\/16720"}],"wp:featuredmedia":[{"embeddable":true,"href":"https:\/\/elcafedepipa.com\/index.php\/wp-json\/wp\/v2\/media\/16719"}],"wp:attachment":[{"href":"https:\/\/elcafedepipa.com\/index.php\/wp-json\/wp\/v2\/media?parent=16718"}],"wp:term":[{"taxonomy":"category","embeddable":true,"href":"https:\/\/elcafedepipa.com\/index.php\/wp-json\/wp\/v2\/categories?post=16718"},{"taxonomy":"post_tag","embeddable":true,"href":"https:\/\/elcafedepipa.com\/index.php\/wp-json\/wp\/v2\/tags?post=16718"}],"curies":[{"name":"wp","href":"https:\/\/api.w.org\/{rel}","templated":true}]}}