{"id":16703,"date":"2025-09-08T13:18:11","date_gmt":"2025-09-08T11:18:11","guid":{"rendered":"https:\/\/elcafedepipa.com\/?p=16703"},"modified":"2025-09-08T13:18:12","modified_gmt":"2025-09-08T11:18:12","slug":"la-unio-reclama-a-la-generalitat-un-pla-de-reconversio-citricola-dotat-amb-un-pressupost-suficient","status":"publish","type":"post","link":"https:\/\/elcafedepipa.com\/index.php\/2025\/09\/08\/la-unio-reclama-a-la-generalitat-un-pla-de-reconversio-citricola-dotat-amb-un-pressupost-suficient\/","title":{"rendered":"LA UNI\u00d3 reclama a la Generalitat un pla de reconversi\u00f3 citr\u00edcola dotat amb un pressupost suficient\u00a0"},"content":{"rendered":"\n<p><strong>Una de les causes de la minva dels aforaments \u00e9s el baix rendiment d\u2019estes plantacions envellides<\/strong><\/p>\n\n\n\n<p>La Uni\u00f3 Llauradora reclama a la Conselleria d\u2019Agricultura un pla de reconversi\u00f3 citr\u00edcola per a pal\u00b7liar l&#8217;envelliment de les plantacions a trav\u00e9s de la implantaci\u00f3 de les varietats comercials m\u00e9s demandades, la possibilitat d&#8217;introduir nous patrons de l&#8217;IVIA m\u00e9s resistents a la sequera o millor adaptats al canvi clim\u00e0tic i l&#8217;eliminaci\u00f3 dels problemes derivats de la pol\u00b7linitzaci\u00f3 creuada (pinyol\u00e0)&nbsp;que es porta arrossegant des de fa molt temps.<\/p>\n\n\n\n<p>L&#8217;organitzaci\u00f3 considera imprescindible aquesta mesura de suport, dotada amb un pressupost suficient d&#8217;almenys 2 milions d&#8217;euros per a enguany i que des de LA UNI\u00d3\u00a0es va presentar en forma d&#8217;esmena als grups parlamentaris de les Corts, per a garantir la viabilitat del sector citr\u00edcola valenci\u00e0 i assegurar la seua adaptaci\u00f3 a les exig\u00e8ncies del mercat. No obstant aix\u00f2, mentre aquesta no va ser acceptada, VOX i PP van presentar una esmena d&#8217;aproximaci\u00f3 al pressupost 2025 de Conselleria d&#8217;Agricultura durant la seua tramitaci\u00f3 en les Corts on van acordar establir una ajuda per a subvencionar el canvi varietal citr\u00edcola i dotat amb una quantitat insuficient de nom\u00e9s 300.000 euros.<\/p>\n\n\n\n<p>Cal assenyalar que el sector citr\u00edcola valenci\u00e0 ha experimentat una preocupant reducci\u00f3 de la producci\u00f3 en les \u00faltimes d\u00e8cades. Fa 25 anys, la producci\u00f3 era de 3.602.125 tones, mentre que fa 10 anys es va reduir a 3.178.687 tones i l&#8217;\u00faltima campanya va ser de 2,7 milions de tones, la qual cosa representa una reducci\u00f3 de m\u00e9s del 23% en els \u00faltims 25 anys.<\/p>\n\n\n\n<p>D&#8217;altra banda, la superf\u00edcie citr\u00edcola en 2024 era de 153.623 hect\u00e0rees. L&#8217;any 2000 era de 191.551 hect\u00e0rees. Per tant, en 25 anys s&#8217;han perdut 37.928 hect\u00e0rees, el 19,80%, \u00e9s a dir una cinquena part de la superf\u00edcie citr\u00edcola de la Comunitat Valenciana. Paral\u00b7lelament, les xifres indiquen que aproximadament un 35% de la superf\u00edcie citr\u00edcola valenciana t\u00e9 una edat superior als 25 anys i faria falta eixe pla de reconversi\u00f3 per a cobrir tota aquesta superf\u00edcie.<\/p>\n\n\n\n<p>Aix\u00ed mateix, cal ressaltar que el nombre de plan\u00e7ons de c\u00edtrics venuts ha caigut lleugerament en els \u00faltims anys, reflex de l&#8217;estancament o retroc\u00e9s de la superf\u00edcie citr\u00edcola, especialment en zones tradicionals. M\u00e9s del 70% dels plan\u00e7ons venuts a Espanya es destinen a la reposici\u00f3 d&#8217;arbres vells o canvi varietal, no a noves plantacions extensives.<\/p>\n\n\n\n<p>Les principals causes de tot aquest retroc\u00e9s en el sector citr\u00edcola s\u00f3n la baixa rendibilitat perqu\u00e8 els preus que perceben els productors s\u00f3n insuficients per a cobrir els costos de producci\u00f3 que han augmentat significativament. A aix\u00f2 se suma un increment en les plagues que requereixen un major control. Tamb\u00e9 \u00e9s degut a l&#8217;envelliment dels arbres i falta de renovaci\u00f3. La baixa rendibilitat impedeix als citricultors reinvertir en la modernitzaci\u00f3 de les plantacions i a m\u00e9s l&#8217;edat avan\u00e7ada de molts productors dificulta el relleu generacional.<\/p>\n\n\n\n<p>D&#8217;altra banda, hi ha massa varietats obsoletes i est\u00e0 el problema de la pol\u00b7linitzaci\u00f3 creuada. Encara hi ha varietats que generen fruita amb llavors a causa de la pol\u00b7linitzaci\u00f3 creuada, fet que afecta negativament la seua comercialitzaci\u00f3, ja que els consumidors prefereixen fruita sense llavors. \u00c9s important superar d&#8217;una vegada per sempre el problema de la&nbsp;pinyol\u00e0&nbsp;amb canvis de varietats&nbsp;polinizadoras&nbsp;per unes altres que no ho siguen per a aconseguir una citricultura m\u00e9s adaptada a les demandes del mercat.<\/p>\n\n\n\n<p>Cal assenyalar a m\u00e9s que aquesta mesura s&#8217;emmarca en l&#8217;acord de 25 de febrer entre la Conselleria d&#8217;Agricultura, les organitzacions agr\u00e0ries i les cooperatives per a abordar aquest problema i on diu textualment que \u201cles plantacions de c\u00edtrics amb varietats que provoquen pol\u00b7linitzaci\u00f3 creuada podran acollir-se a una l\u00ednia de reconversi\u00f3 varietal espec\u00edfica per a eliminar aquest problema entre els anys 2025 i 2026.<\/p>\n","protected":false},"excerpt":{"rendered":"<p>Una de les causes de la minva dels aforaments \u00e9s el baix rendiment d\u2019estes plantacions envellides La Uni\u00f3 Llauradora reclama a la Conselleria d\u2019Agricultura un pla de reconversi\u00f3 citr\u00edcola per a pal\u00b7liar l&#8217;envelliment de les plantacions a trav\u00e9s de la implantaci\u00f3 de les varietats comercials m\u00e9s demandades, la possibilitat d&#8217;introduir nous patrons de l&#8217;IVIA m\u00e9s &#8230; <a title=\"LA UNI\u00d3 reclama a la Generalitat un pla de reconversi\u00f3 citr\u00edcola dotat amb un pressupost suficient\u00a0\" class=\"read-more\" href=\"https:\/\/elcafedepipa.com\/index.php\/2025\/09\/08\/la-unio-reclama-a-la-generalitat-un-pla-de-reconversio-citricola-dotat-amb-un-pressupost-suficient\/\" aria-label=\"M\u00e9s informaci\u00f3 sobre LA UNI\u00d3 reclama a la Generalitat un pla de reconversi\u00f3 citr\u00edcola dotat amb un pressupost suficient\u00a0\">Read more<\/a><\/p>\n","protected":false},"author":2,"featured_media":16704,"comment_status":"closed","ping_status":"closed","sticky":false,"template":"","format":"standard","meta":{"om_disable_all_campaigns":false,"_monsterinsights_skip_tracking":false,"_monsterinsights_sitenote_active":false,"_monsterinsights_sitenote_note":"","_monsterinsights_sitenote_category":0,"_uf_show_specific_survey":0,"_uf_disable_surveys":false,"footnotes":""},"categories":[10],"tags":[],"class_list":["post-16703","post","type-post","status-publish","format-standard","has-post-thumbnail","hentry","category-provinciadecastello"],"_links":{"self":[{"href":"https:\/\/elcafedepipa.com\/index.php\/wp-json\/wp\/v2\/posts\/16703","targetHints":{"allow":["GET"]}}],"collection":[{"href":"https:\/\/elcafedepipa.com\/index.php\/wp-json\/wp\/v2\/posts"}],"about":[{"href":"https:\/\/elcafedepipa.com\/index.php\/wp-json\/wp\/v2\/types\/post"}],"author":[{"embeddable":true,"href":"https:\/\/elcafedepipa.com\/index.php\/wp-json\/wp\/v2\/users\/2"}],"replies":[{"embeddable":true,"href":"https:\/\/elcafedepipa.com\/index.php\/wp-json\/wp\/v2\/comments?post=16703"}],"version-history":[{"count":1,"href":"https:\/\/elcafedepipa.com\/index.php\/wp-json\/wp\/v2\/posts\/16703\/revisions"}],"predecessor-version":[{"id":16705,"href":"https:\/\/elcafedepipa.com\/index.php\/wp-json\/wp\/v2\/posts\/16703\/revisions\/16705"}],"wp:featuredmedia":[{"embeddable":true,"href":"https:\/\/elcafedepipa.com\/index.php\/wp-json\/wp\/v2\/media\/16704"}],"wp:attachment":[{"href":"https:\/\/elcafedepipa.com\/index.php\/wp-json\/wp\/v2\/media?parent=16703"}],"wp:term":[{"taxonomy":"category","embeddable":true,"href":"https:\/\/elcafedepipa.com\/index.php\/wp-json\/wp\/v2\/categories?post=16703"},{"taxonomy":"post_tag","embeddable":true,"href":"https:\/\/elcafedepipa.com\/index.php\/wp-json\/wp\/v2\/tags?post=16703"}],"curies":[{"name":"wp","href":"https:\/\/api.w.org\/{rel}","templated":true}]}}