{"id":16694,"date":"2025-09-08T13:12:44","date_gmt":"2025-09-08T11:12:44","guid":{"rendered":"https:\/\/elcafedepipa.com\/?p=16694"},"modified":"2025-09-08T13:13:29","modified_gmt":"2025-09-08T11:13:29","slug":"el-curs-escolar-arrenca-al-ceip-sant-vicent-sense-obres-pel-retard-de-la-conselleria","status":"publish","type":"post","link":"https:\/\/elcafedepipa.com\/index.php\/2025\/09\/08\/el-curs-escolar-arrenca-al-ceip-sant-vicent-sense-obres-pel-retard-de-la-conselleria\/","title":{"rendered":"El curs escolar arrenca al CEIP Sant Vicent sense obres pel retard de la Conselleria"},"content":{"rendered":"\n<p><strong>L&#8217;alumnat continua a l&#8217;edifici habitual tot esperant que s&#8217;instal\u00b7lin les aules provisionals per iniciar una rehabilitaci\u00f3 d&#8217;1,4 milions d&#8217;euros<\/strong><\/p>\n\n\n\n<p>El curs escolar ha comen\u00e7at amb normalitat a la Vall d\u2019Uix\u00f3, encara que no com estava previst al CEIP Sant Vicent. L&#8217;alumnat continua a l&#8217;edifici habitual perqu\u00e8 les obres de rehabilitaci\u00f3, incloses al Pla Edificant i amb un pressupost d&#8217;1,4 milions d&#8217;euros, no han pogut comen\u00e7ar a causa del retard de la Conselleria d&#8217;Educaci\u00f3 a la instal\u00b7laci\u00f3 de les aules provisionals.<\/p>\n\n\n\n<p>El regidor d\u00b4Educaci\u00f3, Manel Agea, i el regidor d\u00b4Urbanisme, Vicente Pitarch, han visitat el centre per comprovar l\u00b4estat dels treballs. Agea ha recordat que &#8220;les obres ja haurien d\u00b4haver comen\u00e7at, perqu\u00e8 al juny es va celebrar una reuni\u00f3 a tres parts i es va acordar que el trasllat es faria el 29 d\u00b4agost&#8221;. Aix\u00ed, el col\u00b7legi t\u00e9 &#8220;tot empaquetat i preparat, i l&#8217;Ajuntament t\u00e9 el contracte amb l&#8217;empresa adjudicat\u00e0ria signat. L&#8217;\u00fanica que no ha complert els terminis ha estat la Generalitat Valenciana&#8221;.<\/p>\n\n\n\n<p>En aquest sentit, l&#8217;edil ha explicat que quan finalitzE la instal\u00b7laci\u00f3 de les aules provisionals es realitzar\u00e0 el trasllat i podran arrencar les obres. Tot i aix\u00f2, ha demanat \u201cla m\u00e0xima rapidesa, perqu\u00e8 com m\u00e9s tard comencen, m\u00e9s s&#8217;endarrerir\u00e0 tamb\u00e9 la seua finalitzaci\u00f3\u201d.<\/p>\n\n\n\n<p>La rehabilitaci\u00f3 del CEIP Sant Vicent tindr\u00e0 un termini d&#8217;execuci\u00f3 d&#8217;un any i inclour\u00e0 l&#8217;ampliaci\u00f3 del menjador, la reforma dels banys per fer-los accessibles, l&#8217;adaptaci\u00f3 de la infraestructura a la normativa actual i la construcci\u00f3 d&#8217;un gimn\u00e0s i un porxo per aportar ombra al pati.<\/p>\n\n\n\n<p>Agea ha subratllat que el Pla Edificant &#8220;funciona quan hi ha voluntat pol\u00edtica&#8221;. En aquest sentit, ha recordat que en els darrers 10 anys ha perm\u00e8s millorar les escoles Eleuterio P\u00e9rez, La Moleta, Col\u00f2nia Segarra i Recaredo Centelles. A m\u00e9s, actualment est\u00e0 en marxa la construcci\u00f3 del nou Rosario P\u00e9rez, que \u201cdespr\u00e9s de m\u00e9s de 30 anys de reivindicacions ser\u00e0 una realitat aquest Nadal\u201d.<\/p>\n\n\n\n<p>Amb vista a aquest curs escolar, el regidor tamb\u00e9 ha avan\u00e7at que s&#8217;espera la licitaci\u00f3 de les obres de rehabilitaci\u00f3 del CEIP Assumpci\u00f3, pendents de l&#8217;autoritzaci\u00f3 de la Direcci\u00f3 General de Patrimoni per estar a la zona BIC. &#8220;Des de l\u00b4Ajuntament tenim els plecs de contractaci\u00f3 avan\u00e7ats, per la qual cosa exigim a la Conselleria que accelere aquests tr\u00e0mits perqu\u00e8 s\u00f3n unes obres molt necess\u00e0ries&#8221;, ha remarcat.<\/p>\n\n\n\n<p>Aix\u00ed mateix, ha recordat que segueixen en espera de resposta en dues actuacions m\u00e9s: el Lleonard Mingarro, pendent que Conselleria aprove l&#8217;augment del pressupost en gaireb\u00e9 200.000 euros; i el Blasco Ib\u00e1\u00f1ez, on fa un any que es va sol\u00b7licitar l&#8217;informe de necessitats per incloure&#8217;l al Pla Edificant \u201ci encara no hem rebut contestaci\u00f3\u201d.<\/p>\n\n\n\n<figure class=\"wp-block-image size-large\"><img fetchpriority=\"high\" decoding=\"async\" width=\"1024\" height=\"768\" src=\"https:\/\/elcafedepipa.com\/wp-content\/uploads\/2025\/09\/sant-vicent-2-1024x768.jpeg\" alt=\"\" class=\"wp-image-16697\" srcset=\"https:\/\/elcafedepipa.com\/wp-content\/uploads\/2025\/09\/sant-vicent-2-1024x768.jpeg 1024w, https:\/\/elcafedepipa.com\/wp-content\/uploads\/2025\/09\/sant-vicent-2-300x225.jpeg 300w, https:\/\/elcafedepipa.com\/wp-content\/uploads\/2025\/09\/sant-vicent-2-768x576.jpeg 768w, https:\/\/elcafedepipa.com\/wp-content\/uploads\/2025\/09\/sant-vicent-2-1536x1152.jpeg 1536w, https:\/\/elcafedepipa.com\/wp-content\/uploads\/2025\/09\/sant-vicent-2.jpeg 1600w\" sizes=\"(max-width: 1024px) 100vw, 1024px\" \/><\/figure>\n","protected":false},"excerpt":{"rendered":"<p>L&#8217;alumnat continua a l&#8217;edifici habitual tot esperant que s&#8217;instal\u00b7lin les aules provisionals per iniciar una rehabilitaci\u00f3 d&#8217;1,4 milions d&#8217;euros El curs escolar ha comen\u00e7at amb normalitat a la Vall d\u2019Uix\u00f3, encara que no com estava previst al CEIP Sant Vicent. L&#8217;alumnat continua a l&#8217;edifici habitual perqu\u00e8 les obres de rehabilitaci\u00f3, incloses al Pla Edificant i &#8230; <a title=\"El curs escolar arrenca al CEIP Sant Vicent sense obres pel retard de la Conselleria\" class=\"read-more\" href=\"https:\/\/elcafedepipa.com\/index.php\/2025\/09\/08\/el-curs-escolar-arrenca-al-ceip-sant-vicent-sense-obres-pel-retard-de-la-conselleria\/\" aria-label=\"M\u00e9s informaci\u00f3 sobre El curs escolar arrenca al CEIP Sant Vicent sense obres pel retard de la Conselleria\">Read more<\/a><\/p>\n","protected":false},"author":2,"featured_media":16695,"comment_status":"closed","ping_status":"closed","sticky":false,"template":"","format":"standard","meta":{"om_disable_all_campaigns":false,"_monsterinsights_skip_tracking":false,"_monsterinsights_sitenote_active":false,"_monsterinsights_sitenote_note":"","_monsterinsights_sitenote_category":0,"_uf_show_specific_survey":0,"_uf_disable_surveys":false,"footnotes":""},"categories":[1],"tags":[],"class_list":["post-16694","post","type-post","status-publish","format-standard","has-post-thumbnail","hentry","category-non-classe"],"_links":{"self":[{"href":"https:\/\/elcafedepipa.com\/index.php\/wp-json\/wp\/v2\/posts\/16694","targetHints":{"allow":["GET"]}}],"collection":[{"href":"https:\/\/elcafedepipa.com\/index.php\/wp-json\/wp\/v2\/posts"}],"about":[{"href":"https:\/\/elcafedepipa.com\/index.php\/wp-json\/wp\/v2\/types\/post"}],"author":[{"embeddable":true,"href":"https:\/\/elcafedepipa.com\/index.php\/wp-json\/wp\/v2\/users\/2"}],"replies":[{"embeddable":true,"href":"https:\/\/elcafedepipa.com\/index.php\/wp-json\/wp\/v2\/comments?post=16694"}],"version-history":[{"count":2,"href":"https:\/\/elcafedepipa.com\/index.php\/wp-json\/wp\/v2\/posts\/16694\/revisions"}],"predecessor-version":[{"id":16698,"href":"https:\/\/elcafedepipa.com\/index.php\/wp-json\/wp\/v2\/posts\/16694\/revisions\/16698"}],"wp:featuredmedia":[{"embeddable":true,"href":"https:\/\/elcafedepipa.com\/index.php\/wp-json\/wp\/v2\/media\/16695"}],"wp:attachment":[{"href":"https:\/\/elcafedepipa.com\/index.php\/wp-json\/wp\/v2\/media?parent=16694"}],"wp:term":[{"taxonomy":"category","embeddable":true,"href":"https:\/\/elcafedepipa.com\/index.php\/wp-json\/wp\/v2\/categories?post=16694"},{"taxonomy":"post_tag","embeddable":true,"href":"https:\/\/elcafedepipa.com\/index.php\/wp-json\/wp\/v2\/tags?post=16694"}],"curies":[{"name":"wp","href":"https:\/\/api.w.org\/{rel}","templated":true}]}}