{"id":16691,"date":"2025-09-08T12:57:40","date_gmt":"2025-09-08T10:57:40","guid":{"rendered":"https:\/\/elcafedepipa.com\/?p=16691"},"modified":"2025-09-08T12:57:42","modified_gmt":"2025-09-08T10:57:42","slug":"la-ude-mereix-mes-en-la-seua-tornada-al-colle","status":"publish","type":"post","link":"https:\/\/elcafedepipa.com\/index.php\/2025\/09\/08\/la-ude-mereix-mes-en-la-seua-tornada-al-colle\/","title":{"rendered":"La UDE mereix m\u00e9s en la seua \u2018tornada al col\u00b7le\u2019"},"content":{"rendered":"\n<p>Va comen\u00e7ar un nou curs futbol\u00edstic per a la UDE i ho va fer amb bon peu. Els de Descalzo malgrat buscar amb molt d&#8217;afany emportar-se la vict\u00f2ria a la primera jornada, van acabar sumant un punt de molt pes en la seua visita al Bunyol, el tret d&#8217;eixida a la temporada 2025-2026.<br>Molt bona imatge la mostrada pels blanc-i-blaus que es van posar la roba de treball des del xiulet inicial, en un partit complicat per les dimensions del terreny de joc i la fermesa del seu oponent que tornava a categoria nacional ahir per la vesprada.<br>La primera part va estar molt disputada, la for\u00e7a i l&#8217;equilibri sobretot a la l\u00ednia medul\u00b7lar va ser la nota predominant que uns primers quaranta-cinc minuts que van ser d&#8217;una calor sufocant a terres bunyoleres, 34 graus va arribar a marcar el term\u00f2metre.<br>Despr\u00e9s d&#8217;algun t\u00edmid escarceig de Gonza i alguna arribada sense perill del Bu\u00f1ol a pilota parada, el primer acte va reservar els millors moments per als minuts finals. Al minut 42, Iv\u00e1n Garc\u00eda va estavellar una pilota al pal i instants despr\u00e9s els locals van tindre la seua millor ocasi\u00f3 amb un xut creuat que per poc no va trobar porteria.<\/p>\n\n\n\n<p>Despr\u00e9s del pas per vestidors els vallers van eixir m\u00e9s endollats i amb una marxa m\u00e9s que el seu oponent. Al 49, clar\u00edssima ocasi\u00f3 per a la UDE, Iv\u00e1n Garc\u00eda se&#8217;n va anar del seu marcador i va encarar nom\u00e9s la mitja sortida del porter local que va treure un peu miracul\u00f3s per salvar el gol visitant.<br>Molt ferm i intensos els blanc-i-blaus a la segona part que volien la pilota i van fer un pas endavant. A\u00f1\u00f3 ho va provar des de lluny, encara que la seua rematada va eixir desviada. Aym\u00e1n va entrar en substituci\u00f3 de Casta\u00f1o i en la seua primera participaci\u00f3 al partit, r\u00e0pida incursi\u00f3 per banda i el gallec va ser enderrocat dins de l&#8217;\u00e0rea i el col\u00b7legiat no va dubtar a assenyalar la pena m\u00e0xima.<br>Al minut 70 va poder canviar el signe del partit, per\u00f2 el dest\u00ed no ho va voler aix\u00ed. Ximo Forner -que just fins aquell moment tenia el cent per cent d&#8217;efectivitat- va plantar la pilota al punt dels 11 metres, es va perfilar, va agafar impuls i Pablo Coronado sota pals es convertiria en l&#8217;heroi de la tarda per als seus, aturant en dos temps el llan\u00e7ament de la pena m\u00e0xima.<\/p>\n\n\n\n<p>La UDE va continuar atacant mentre que els locals van defensar amb molta fermesa i en l&#8217;\u00faltim tram del partit van buscar sorprendre els vallers al contraatac. La defensa vallera va tornar a estar a un alt nivell de seguretat i no va donar cap possibilitat als atacants locals.<br>A les acaballes del partit, Fern\u00e1n va tindre una altra acci\u00f3 immillorable per haver pogut perforar l&#8217;arc del Bu\u00f1ol. Un altre cop la figura salvadora de Pablo Coronado va apar\u00e8ixer per tornar a salvar els mobles amb una gran parada.<br>I no va poder ser malgrat intentar-ho de totes les formes possibles, la UDE no va poder sumar-ne tres a la seua estrena de lliga. Proper diumenge a les 18 hores, debut a casa amb el Soneja com a rival, oportunitat d&#8217;or per sumar davant una afici\u00f3 que espera en ganes sumar els tres primers punts de la temporada.<\/p>\n\n\n\n<p><\/p>\n","protected":false},"excerpt":{"rendered":"<p>Va comen\u00e7ar un nou curs futbol\u00edstic per a la UDE i ho va fer amb bon peu. Els de Descalzo malgrat buscar amb molt d&#8217;afany emportar-se la vict\u00f2ria a la primera jornada, van acabar sumant un punt de molt pes en la seua visita al Bunyol, el tret d&#8217;eixida a la temporada 2025-2026.Molt bona imatge &#8230; <a title=\"La UDE mereix m\u00e9s en la seua \u2018tornada al col\u00b7le\u2019\" class=\"read-more\" href=\"https:\/\/elcafedepipa.com\/index.php\/2025\/09\/08\/la-ude-mereix-mes-en-la-seua-tornada-al-colle\/\" aria-label=\"M\u00e9s informaci\u00f3 sobre La UDE mereix m\u00e9s en la seua \u2018tornada al col\u00b7le\u2019\">Read more<\/a><\/p>\n","protected":false},"author":2,"featured_media":16692,"comment_status":"closed","ping_status":"closed","sticky":false,"template":"","format":"standard","meta":{"om_disable_all_campaigns":false,"_monsterinsights_skip_tracking":false,"_monsterinsights_sitenote_active":false,"_monsterinsights_sitenote_note":"","_monsterinsights_sitenote_category":0,"_uf_show_specific_survey":0,"_uf_disable_surveys":false,"footnotes":""},"categories":[1],"tags":[],"class_list":["post-16691","post","type-post","status-publish","format-standard","has-post-thumbnail","hentry","category-non-classe"],"_links":{"self":[{"href":"https:\/\/elcafedepipa.com\/index.php\/wp-json\/wp\/v2\/posts\/16691","targetHints":{"allow":["GET"]}}],"collection":[{"href":"https:\/\/elcafedepipa.com\/index.php\/wp-json\/wp\/v2\/posts"}],"about":[{"href":"https:\/\/elcafedepipa.com\/index.php\/wp-json\/wp\/v2\/types\/post"}],"author":[{"embeddable":true,"href":"https:\/\/elcafedepipa.com\/index.php\/wp-json\/wp\/v2\/users\/2"}],"replies":[{"embeddable":true,"href":"https:\/\/elcafedepipa.com\/index.php\/wp-json\/wp\/v2\/comments?post=16691"}],"version-history":[{"count":1,"href":"https:\/\/elcafedepipa.com\/index.php\/wp-json\/wp\/v2\/posts\/16691\/revisions"}],"predecessor-version":[{"id":16693,"href":"https:\/\/elcafedepipa.com\/index.php\/wp-json\/wp\/v2\/posts\/16691\/revisions\/16693"}],"wp:featuredmedia":[{"embeddable":true,"href":"https:\/\/elcafedepipa.com\/index.php\/wp-json\/wp\/v2\/media\/16692"}],"wp:attachment":[{"href":"https:\/\/elcafedepipa.com\/index.php\/wp-json\/wp\/v2\/media?parent=16691"}],"wp:term":[{"taxonomy":"category","embeddable":true,"href":"https:\/\/elcafedepipa.com\/index.php\/wp-json\/wp\/v2\/categories?post=16691"},{"taxonomy":"post_tag","embeddable":true,"href":"https:\/\/elcafedepipa.com\/index.php\/wp-json\/wp\/v2\/tags?post=16691"}],"curies":[{"name":"wp","href":"https:\/\/api.w.org\/{rel}","templated":true}]}}