{"id":16684,"date":"2025-09-06T15:20:28","date_gmt":"2025-09-06T13:20:28","guid":{"rendered":"https:\/\/elcafedepipa.com\/?p=16684"},"modified":"2025-09-06T15:20:29","modified_gmt":"2025-09-06T13:20:29","slug":"la-ude-amb-tot-preparat-per-a-una-nova-temporada-que-comence-el-viatge-cap-a-itaca-senyor-descalzo","status":"publish","type":"post","link":"https:\/\/elcafedepipa.com\/index.php\/2025\/09\/06\/la-ude-amb-tot-preparat-per-a-una-nova-temporada-que-comence-el-viatge-cap-a-itaca-senyor-descalzo\/","title":{"rendered":"La UDE amb tot preparat per a una nova temporada. Que comence el viatge cap a Itaca, senyor Descalzo!."},"content":{"rendered":"\n<p>La U.D. Vall de Ux\u00f3 inicia dem\u00e0 dissabte un nou curs futbol\u00edstic, el segon consecutiu a Tercera RFEF. Els blanc-i-blaus es desplacen a Bunyol per donar el tret de sortida de la nova temporada. Enrere queden ja les dures sessions de pretemporada i els tediosos partits amist\u00f3s de preparaci\u00f3. Dem\u00e0 diumenge a les 6 en punt de la vesprada comen\u00e7a la lliga en camp del Bunyol, en un camp de no massa bons records per als vallers, el Beltr\u00e1n Baguena. All\u00ed es van dilapidar les opcions d&#8217;ascens a les temporades 2020-2021 i 2021-2022 en dues fat\u00eddiques eliminat\u00f2ries de Play Of.<br>Per\u00f2 aix\u00f2 tamb\u00e9 ha quedat molt enrere, la UDE comen\u00e7a curs amb for\u00e7a despr\u00e9s d&#8217;una bona pretemporada i amb la il\u00b7lusi\u00f3 de repetir els n\u00fameros de la campanya passada on els de Jos\u00e9 Manuel Descalzo es van quedar a les portes de la promoci\u00f3 d&#8217;Ascens a Segona RFEF (male\u00efts minuts de temps afegit en Atzeneta d&#8217;Albaida).<br>13 cares noves i renovacions importants fan dels blanc-i-blaus un bloc s\u00f2lid i que ofereix garanties a la seva afici\u00f3 de cara a la nova temporada. L&#8217;objectiu prioritari de la UDE continua sent el de la perman\u00e8ncia a la categoria.<br>El Bunyol, acabat de pujar a Tercera RFEF, s&#8217;estrenar\u00e0 dem\u00e0 en aquesta exigent categoria davant de la seua gent, amb la dosi de moral que aix\u00f2 suposa. Enfront tindr\u00e0 a la UDE que amb la totalitat d&#8217;efectius disponibles busca comen\u00e7ar la temporada amb bon gust de boca.<\/p>\n\n\n\n<p><\/p>\n","protected":false},"excerpt":{"rendered":"<p>La U.D. Vall de Ux\u00f3 inicia dem\u00e0 dissabte un nou curs futbol\u00edstic, el segon consecutiu a Tercera RFEF. Els blanc-i-blaus es desplacen a Bunyol per donar el tret de sortida de la nova temporada. Enrere queden ja les dures sessions de pretemporada i els tediosos partits amist\u00f3s de preparaci\u00f3. Dem\u00e0 diumenge a les 6 en &#8230; <a title=\"La UDE amb tot preparat per a una nova temporada. Que comence el viatge cap a Itaca, senyor Descalzo!.\" class=\"read-more\" href=\"https:\/\/elcafedepipa.com\/index.php\/2025\/09\/06\/la-ude-amb-tot-preparat-per-a-una-nova-temporada-que-comence-el-viatge-cap-a-itaca-senyor-descalzo\/\" aria-label=\"M\u00e9s informaci\u00f3 sobre La UDE amb tot preparat per a una nova temporada. Que comence el viatge cap a Itaca, senyor Descalzo!.\">Read more<\/a><\/p>\n","protected":false},"author":2,"featured_media":16685,"comment_status":"closed","ping_status":"closed","sticky":false,"template":"","format":"standard","meta":{"om_disable_all_campaigns":false,"_monsterinsights_skip_tracking":false,"_monsterinsights_sitenote_active":false,"_monsterinsights_sitenote_note":"","_monsterinsights_sitenote_category":0,"_uf_show_specific_survey":0,"_uf_disable_surveys":false,"footnotes":""},"categories":[1],"tags":[],"class_list":["post-16684","post","type-post","status-publish","format-standard","has-post-thumbnail","hentry","category-non-classe"],"_links":{"self":[{"href":"https:\/\/elcafedepipa.com\/index.php\/wp-json\/wp\/v2\/posts\/16684","targetHints":{"allow":["GET"]}}],"collection":[{"href":"https:\/\/elcafedepipa.com\/index.php\/wp-json\/wp\/v2\/posts"}],"about":[{"href":"https:\/\/elcafedepipa.com\/index.php\/wp-json\/wp\/v2\/types\/post"}],"author":[{"embeddable":true,"href":"https:\/\/elcafedepipa.com\/index.php\/wp-json\/wp\/v2\/users\/2"}],"replies":[{"embeddable":true,"href":"https:\/\/elcafedepipa.com\/index.php\/wp-json\/wp\/v2\/comments?post=16684"}],"version-history":[{"count":1,"href":"https:\/\/elcafedepipa.com\/index.php\/wp-json\/wp\/v2\/posts\/16684\/revisions"}],"predecessor-version":[{"id":16686,"href":"https:\/\/elcafedepipa.com\/index.php\/wp-json\/wp\/v2\/posts\/16684\/revisions\/16686"}],"wp:featuredmedia":[{"embeddable":true,"href":"https:\/\/elcafedepipa.com\/index.php\/wp-json\/wp\/v2\/media\/16685"}],"wp:attachment":[{"href":"https:\/\/elcafedepipa.com\/index.php\/wp-json\/wp\/v2\/media?parent=16684"}],"wp:term":[{"taxonomy":"category","embeddable":true,"href":"https:\/\/elcafedepipa.com\/index.php\/wp-json\/wp\/v2\/categories?post=16684"},{"taxonomy":"post_tag","embeddable":true,"href":"https:\/\/elcafedepipa.com\/index.php\/wp-json\/wp\/v2\/tags?post=16684"}],"curies":[{"name":"wp","href":"https:\/\/api.w.org\/{rel}","templated":true}]}}