{"id":16572,"date":"2025-09-02T14:40:03","date_gmt":"2025-09-02T12:40:03","guid":{"rendered":"https:\/\/elcafedepipa.com\/?p=16572"},"modified":"2025-09-02T14:40:04","modified_gmt":"2025-09-02T12:40:04","slug":"mascarell-celebrales-seues-festes-patronals-mes-multitudinaries","status":"publish","type":"post","link":"https:\/\/elcafedepipa.com\/index.php\/2025\/09\/02\/mascarell-celebrales-seues-festes-patronals-mes-multitudinaries\/","title":{"rendered":"Mascarell celebrales seues festes patronals m\u00e9s multitudin\u00e0ries"},"content":{"rendered":"\n<p><strong>Diumenge finalitzen els festejos amb la festivitat de la Divina Pastora<\/strong><\/p>\n\n\n\n<p>Mascarell es troba aquests dies celebrant les seues festes patronals en honor a la Mare de D\u00e9u dels \u00c0ngels, Sant Agust\u00ed, Sant Ramon i a la Divina Pastora, uns festejos molt esperats pel ve\u00efnat que compten amb una variada programaci\u00f3 d\u2019actes enfocada a tots els p\u00fablics.<\/p>\n\n\n\n<p>Aix\u00ed doncs, des del passat 25 d\u2019agost i fins diumenge, 7 de setembre, la poblaci\u00f3 de Mascarell est\u00e0 de festa. De manera que, a m\u00e9s dels tradicionals actes religiosos dedicats als patrons, com ara la missa i process\u00f3 en honor a Sant Agust\u00ed que va tindre lloc dijous, 28 d\u2019agost, i que va comptar amb la pres\u00e8ncia de la Reina de la Vila, Laura G\u00f3mez, i les dames de la Vila; de l\u2019alcalde de Nules, David Garc\u00eda; l\u2019alcalde de Mascarell, Alejandro Barrios; del regidor de Mascarell, Guillermo Latorre; i de la resta de regidors i regidores de l\u2019Ajuntament de Nules, tamb\u00e9 s\u2019han desenvolupat actes taurins els dies &nbsp;27, 29 i 30 d\u2019agost i 1, 2 i 3 de setembre amb l\u2019exhibici\u00f3 de bous i vaques i bous embolats. En concret, cal ressaltar el bou de la ramaderia Los Ronceles exhibit el 27 d\u2019agost que ha estat molt aplaudit pels aficionats taurins.<\/p>\n\n\n\n<p>Aix\u00ed mateix, cal destacar que aquests festejos han estat uns dels m\u00e9s multitudinaris que s\u2019han celebrat a Mascarell en els darrers anys, de fet els actes populars que congreguen a un gran n\u00famero de ve\u00efnat com ara el sopar de tombet de bou, el sopar de pa i porta i la subhasta popular han comptat amb m\u00e9s de 400 persones.<\/p>\n\n\n\n<p>Per altra banda, el p\u00fablic infantil tamb\u00e9 ha pogut gaudir de diferents parcs infantils, i actuacions. I les persones majors de Mascarell tindran aquest dimarts, 2 de setembre, el tradicional dinar de socis-jubilats al sal\u00f3 multifuncional.<\/p>\n\n\n\n<p>Amb tot, tamb\u00e9 han tingut lloc actuacions musicals amb l\u2019orquestra La Mafia, discom\u00f2bil amb el DJ Ripa, l\u2019actuaci\u00f3 dels grups Mi Son i de Paradita Flamenca; cercavila de disfresses; cercavila de cabuts, dol\u00e7ainers i tabaleters amb la col\u00b7laboraci\u00f3 de l\u2019Associaci\u00f3 Cultural la Corretjola i la Colla Xaloc de Castell\u00f3; entre d\u2019altres.<\/p>\n\n\n\n<p>Les festes finalitzaran diumenge, 7 de setembre, amb els actes religiosos en honor a la Divina Pastora i la disparada de coets. Davant a\u00e7\u00f2, el regidor de Mascarell, Guillermo Latorre, assenyala que \u201cs\u2019ha fet un gran esfor\u00e7 i un gran treball per a que el ve\u00efnat de Mascarell puga gaudir d\u2019aquests festejos, que &nbsp;han estat uns dels m\u00e9s multitudinaris que s\u2019han celebrat, ja que cadascun dels actes celebrats ha comptat amb molta participaci\u00f3 tant del ve\u00efnat com de persones visitants\u201d.<\/p>\n\n\n\n<figure class=\"wp-block-image size-large\"><img fetchpriority=\"high\" decoding=\"async\" width=\"819\" height=\"1024\" src=\"https:\/\/elcafedepipa.com\/wp-content\/uploads\/2025\/09\/mascarell2-819x1024.jpg\" alt=\"\" class=\"wp-image-16574\" srcset=\"https:\/\/elcafedepipa.com\/wp-content\/uploads\/2025\/09\/mascarell2-819x1024.jpg 819w, https:\/\/elcafedepipa.com\/wp-content\/uploads\/2025\/09\/mascarell2-240x300.jpg 240w, https:\/\/elcafedepipa.com\/wp-content\/uploads\/2025\/09\/mascarell2-768x960.jpg 768w, https:\/\/elcafedepipa.com\/wp-content\/uploads\/2025\/09\/mascarell2.jpg 1080w\" sizes=\"(max-width: 819px) 100vw, 819px\" \/><\/figure>\n","protected":false},"excerpt":{"rendered":"<p>Diumenge finalitzen els festejos amb la festivitat de la Divina Pastora Mascarell es troba aquests dies celebrant les seues festes patronals en honor a la Mare de D\u00e9u dels \u00c0ngels, Sant Agust\u00ed, Sant Ramon i a la Divina Pastora, uns festejos molt esperats pel ve\u00efnat que compten amb una variada programaci\u00f3 d\u2019actes enfocada a tots &#8230; <a title=\"Mascarell celebrales seues festes patronals m\u00e9s multitudin\u00e0ries\" class=\"read-more\" href=\"https:\/\/elcafedepipa.com\/index.php\/2025\/09\/02\/mascarell-celebrales-seues-festes-patronals-mes-multitudinaries\/\" aria-label=\"M\u00e9s informaci\u00f3 sobre Mascarell celebrales seues festes patronals m\u00e9s multitudin\u00e0ries\">Read more<\/a><\/p>\n","protected":false},"author":2,"featured_media":16573,"comment_status":"open","ping_status":"open","sticky":false,"template":"","format":"standard","meta":{"om_disable_all_campaigns":false,"_monsterinsights_skip_tracking":false,"_monsterinsights_sitenote_active":false,"_monsterinsights_sitenote_note":"","_monsterinsights_sitenote_category":0,"_uf_show_specific_survey":0,"_uf_disable_surveys":false,"footnotes":""},"categories":[3],"tags":[],"class_list":["post-16572","post","type-post","status-publish","format-standard","has-post-thumbnail","hentry","category-nules"],"_links":{"self":[{"href":"https:\/\/elcafedepipa.com\/index.php\/wp-json\/wp\/v2\/posts\/16572","targetHints":{"allow":["GET"]}}],"collection":[{"href":"https:\/\/elcafedepipa.com\/index.php\/wp-json\/wp\/v2\/posts"}],"about":[{"href":"https:\/\/elcafedepipa.com\/index.php\/wp-json\/wp\/v2\/types\/post"}],"author":[{"embeddable":true,"href":"https:\/\/elcafedepipa.com\/index.php\/wp-json\/wp\/v2\/users\/2"}],"replies":[{"embeddable":true,"href":"https:\/\/elcafedepipa.com\/index.php\/wp-json\/wp\/v2\/comments?post=16572"}],"version-history":[{"count":1,"href":"https:\/\/elcafedepipa.com\/index.php\/wp-json\/wp\/v2\/posts\/16572\/revisions"}],"predecessor-version":[{"id":16575,"href":"https:\/\/elcafedepipa.com\/index.php\/wp-json\/wp\/v2\/posts\/16572\/revisions\/16575"}],"wp:featuredmedia":[{"embeddable":true,"href":"https:\/\/elcafedepipa.com\/index.php\/wp-json\/wp\/v2\/media\/16573"}],"wp:attachment":[{"href":"https:\/\/elcafedepipa.com\/index.php\/wp-json\/wp\/v2\/media?parent=16572"}],"wp:term":[{"taxonomy":"category","embeddable":true,"href":"https:\/\/elcafedepipa.com\/index.php\/wp-json\/wp\/v2\/categories?post=16572"},{"taxonomy":"post_tag","embeddable":true,"href":"https:\/\/elcafedepipa.com\/index.php\/wp-json\/wp\/v2\/tags?post=16572"}],"curies":[{"name":"wp","href":"https:\/\/api.w.org\/{rel}","templated":true}]}}