{"id":16565,"date":"2025-09-02T13:41:44","date_gmt":"2025-09-02T11:41:44","guid":{"rendered":"https:\/\/elcafedepipa.com\/?p=16565"},"modified":"2025-09-02T13:41:45","modified_gmt":"2025-09-02T11:41:45","slug":"lajuntament-de-la-vall-duixo-adapta-la-seua-formacio-als-perfils-mes-buscats-per-les-empreses","status":"publish","type":"post","link":"https:\/\/elcafedepipa.com\/index.php\/2025\/09\/02\/lajuntament-de-la-vall-duixo-adapta-la-seua-formacio-als-perfils-mes-buscats-per-les-empreses\/","title":{"rendered":"L&#8217;Ajuntament de la Vall d\u2019Uix\u00f3 adapta la seua formaci\u00f3 als perfils m\u00e9s buscats per les empreses"},"content":{"rendered":"\n<p><strong>Fins al desembre s&#8217;ofereixen vuit cursos gratu\u00efts, en una estrat\u00e8gia que est\u00e0 recolzada amb les bones dades d&#8217;ocupaci\u00f3 a la ciutat<\/strong><\/p>\n\n\n\n<p>L&#8217;Ajuntament de la Vall d&#8217;Uix\u00f3 ha presentat l&#8217;oferta de formaci\u00f3 per a l&#8217;ocupaci\u00f3 per a l&#8217;\u00faltim quadrimestre de l&#8217;any, que inclou vuit cursos i tallers adaptats &#8220;als coneixements i perfils que les empreses m\u00e9s estan buscant actualment&#8221;, tal com ha explicat el regidor d&#8217;Ocupaci\u00f3, Jorge Garc\u00eda. I \u00e9s que l&#8217;objectiu \u00e9s \u201cmillorar les possibilitats de trobar un lloc de treball dels vallers i les valleres\u201d.<\/p>\n\n\n\n<p>De setembre a desembre s&#8217;impartir\u00e0 formaci\u00f3 b\u00e0sica en acompanyament a persones grans (del 22 al 29 de setembre); al magatzem intel\u00b7ligent i log\u00edstica 4.0 (del 29 setembre al 8 d&#8217;octubre); en higiene aliment\u00e0ria, manipulaci\u00f3 d&#8217;aliments i gesti\u00f3 d&#8217;al\u00b7l\u00e8rgens (22 d&#8217;octubre); i servei de sala (del 10 al 21 de novembre).<\/p>\n\n\n\n<p>Aix\u00ed mateix, tamb\u00e9 es potencia la digitalitzaci\u00f3, amb cursos d&#8217;intel\u00b7lig\u00e8ncia artificial (setembre), xarxes socials (octubre), principis de community manager (novembre) i gestions telem\u00e0tiques (desembre). A trav\u00e9s d&#8217;aquests tallers \u201clluitem contra la bretxa digital, perqu\u00e8 les compet\u00e8ncies digitals b\u00e0siques s\u00f3n avui en dia necess\u00e0ries per accedir a un lloc de treball i tot tipus de serveis p\u00fablics i privats\u201d, ha assenyalat Garc\u00eda.<\/p>\n\n\n\n<p>Aquesta programaci\u00f3 s&#8217;engloba dins de l&#8217;estrat\u00e8gia municipal d&#8217;oferir formaci\u00f3 gratu\u00efta a instal\u00b7lacions municipals \u201cperqu\u00e8 els nostres ve\u00efns i ve\u00efnes no s&#8217;hagin de despla\u00e7ar a altres municipis per adquirir coneixements que els ajudin a inserir-se al mercat laboral\u201d. En aquest sentit, l&#8217;edil ha remarcat que \u201cla formaci\u00f3 suposa tenir m\u00e9s possibilitats de trobar feina\u201d.<\/p>\n\n\n\n<p>Les persones interessades a inscriure&#8217;s ho han de fer gratu\u00eftament a la web https:\/\/www.gestionandote.com\/agencia\/lavallduixo\/formacion. Per a m\u00e9s informaci\u00f3 tamb\u00e9 es pot contactar amb l&#8217;Ag\u00e8ncia de Desenvolupament Local, a l&#8217;avinguda Jaume I, 34; o al tel\u00e8fon 964690656.<\/p>\n\n\n\n<p><strong>DADES D&#8217;OCUPACI\u00d3<\/strong><\/p>\n\n\n\n<p>Les xifres de desocupaci\u00f3 a la Vall d\u2019Uix\u00f3 s\u00f3n les m\u00e9s baixes des de fa 18 anys, el 2007. Aix\u00ed, la taxa d\u2019atur al juliol (\u00faltim mes amb dades disponibles) ha estat de l\u201911,34%. Per a Garc\u00eda, \u00e9s \u201cuna de les millors dades en municipis de m\u00e9s de 30.000 habitants de la prov\u00edncia\u201d i un incentiu \u201cper seguir treballant perqu\u00e8 m\u00e9s persones tinguin ocupaci\u00f3 i oportunitats\u201d.<\/p>\n","protected":false},"excerpt":{"rendered":"<p>Fins al desembre s&#8217;ofereixen vuit cursos gratu\u00efts, en una estrat\u00e8gia que est\u00e0 recolzada amb les bones dades d&#8217;ocupaci\u00f3 a la ciutat L&#8217;Ajuntament de la Vall d&#8217;Uix\u00f3 ha presentat l&#8217;oferta de formaci\u00f3 per a l&#8217;ocupaci\u00f3 per a l&#8217;\u00faltim quadrimestre de l&#8217;any, que inclou vuit cursos i tallers adaptats &#8220;als coneixements i perfils que les empreses m\u00e9s &#8230; <a title=\"L&#8217;Ajuntament de la Vall d\u2019Uix\u00f3 adapta la seua formaci\u00f3 als perfils m\u00e9s buscats per les empreses\" class=\"read-more\" href=\"https:\/\/elcafedepipa.com\/index.php\/2025\/09\/02\/lajuntament-de-la-vall-duixo-adapta-la-seua-formacio-als-perfils-mes-buscats-per-les-empreses\/\" aria-label=\"M\u00e9s informaci\u00f3 sobre L&#8217;Ajuntament de la Vall d\u2019Uix\u00f3 adapta la seua formaci\u00f3 als perfils m\u00e9s buscats per les empreses\">Read more<\/a><\/p>\n","protected":false},"author":2,"featured_media":16566,"comment_status":"closed","ping_status":"closed","sticky":false,"template":"","format":"standard","meta":{"om_disable_all_campaigns":false,"_monsterinsights_skip_tracking":false,"_monsterinsights_sitenote_active":false,"_monsterinsights_sitenote_note":"","_monsterinsights_sitenote_category":0,"_uf_show_specific_survey":0,"_uf_disable_surveys":false,"footnotes":""},"categories":[1],"tags":[],"class_list":["post-16565","post","type-post","status-publish","format-standard","has-post-thumbnail","hentry","category-non-classe"],"_links":{"self":[{"href":"https:\/\/elcafedepipa.com\/index.php\/wp-json\/wp\/v2\/posts\/16565","targetHints":{"allow":["GET"]}}],"collection":[{"href":"https:\/\/elcafedepipa.com\/index.php\/wp-json\/wp\/v2\/posts"}],"about":[{"href":"https:\/\/elcafedepipa.com\/index.php\/wp-json\/wp\/v2\/types\/post"}],"author":[{"embeddable":true,"href":"https:\/\/elcafedepipa.com\/index.php\/wp-json\/wp\/v2\/users\/2"}],"replies":[{"embeddable":true,"href":"https:\/\/elcafedepipa.com\/index.php\/wp-json\/wp\/v2\/comments?post=16565"}],"version-history":[{"count":1,"href":"https:\/\/elcafedepipa.com\/index.php\/wp-json\/wp\/v2\/posts\/16565\/revisions"}],"predecessor-version":[{"id":16567,"href":"https:\/\/elcafedepipa.com\/index.php\/wp-json\/wp\/v2\/posts\/16565\/revisions\/16567"}],"wp:featuredmedia":[{"embeddable":true,"href":"https:\/\/elcafedepipa.com\/index.php\/wp-json\/wp\/v2\/media\/16566"}],"wp:attachment":[{"href":"https:\/\/elcafedepipa.com\/index.php\/wp-json\/wp\/v2\/media?parent=16565"}],"wp:term":[{"taxonomy":"category","embeddable":true,"href":"https:\/\/elcafedepipa.com\/index.php\/wp-json\/wp\/v2\/categories?post=16565"},{"taxonomy":"post_tag","embeddable":true,"href":"https:\/\/elcafedepipa.com\/index.php\/wp-json\/wp\/v2\/tags?post=16565"}],"curies":[{"name":"wp","href":"https:\/\/api.w.org\/{rel}","templated":true}]}}