{"id":16560,"date":"2025-09-02T13:39:23","date_gmt":"2025-09-02T11:39:23","guid":{"rendered":"https:\/\/elcafedepipa.com\/?p=16560"},"modified":"2025-09-02T13:39:24","modified_gmt":"2025-09-02T11:39:24","slug":"el-pp-inicia-curs-politic-per-a-capitalitzar-una-vall-amb-reptes-i-futur-per-tal-de-resoldre-problemes-i-liderar-oportunitats","status":"publish","type":"post","link":"https:\/\/elcafedepipa.com\/index.php\/2025\/09\/02\/el-pp-inicia-curs-politic-per-a-capitalitzar-una-vall-amb-reptes-i-futur-per-tal-de-resoldre-problemes-i-liderar-oportunitats\/","title":{"rendered":"El PP inicia curs pol\u00edtic per a &#8220;capitalitzar una Vall amb reptes i futur\u201d per tal de &#8220;resoldre problemes i liderar oportunitats&#8221;"},"content":{"rendered":"\n<p><strong>El nou regidor del PP, Jorge Centelles, s&#8217;incorpora a l&#8217;equip i el far\u00e0 de manera oficial en el ple del dimecres 3 de setembre. <\/strong><\/p>\n\n\n\n<p>El PP de la Vall d&#8217;Uix\u00f3 ha mobilitzat als seus regidors amb li objectiu de tra\u00e7ar l&#8217;activitat dels pr\u00f2xims mesos i forjar un municipi capa\u00e7 de fixar reptes i futur amb la soluci\u00f3 als problemes i la creaci\u00f3 d&#8217;oportunitats.<\/p>\n\n\n\n<p>Aix\u00ed ho ha considerat el portaveu del PP en la localitat, Herminio Serra, qui ha reunit a tots els regidors del seu Grup Municipal amb el desig de \u201cestablir un calendari d&#8217;accions dirigides a aconseguir el canvi pol\u00edtic en les eleccions de 2027\u201d. \u201cEstem il\u00b7lusionats, carregats d&#8217;energia i decidits a demostrar que hi ha una altra manera de governar, amb l&#8217;escolta i la soluci\u00f3, amb la capacitat per a generar desenrotllament\u201d.<\/p>\n\n\n\n<p>Entre els companys, Jorge Centelles, el nou edil que este dimecres 3 de setembre prendr\u00e0 possessi\u00f3 de la seua acta com a regidor en substituci\u00f3 a Juan Diego Garc\u00eda, que va renunciar al c\u00e0rrec per motius personals. \u201cEns entrevistarem amb les associacions, de tota mena, i a ser presents en els barris, com hem fet durant estos anys. Volem saber i volem resoldre\u201d.<\/p>\n\n\n\n<p>En este sentit, ha declarat el regidor, \u201cestem compromesos amb el nostre municipi i decidits a generar oportunitats on en estos moments nom\u00e9s hi ha aband\u00f3 i retallades\u201d. \u00c9s el cas, tal com ha desgranat Serra, de la tisorada que ha patit la localitat a \u201cmolts servicis p\u00fablics, el tancament de l&#8217;alberg o la baixada de la persiana de la Llar Sagrada Fam\u00edlia, que ha sigut un emblema de la prestaci\u00f3 d&#8217;atenci\u00f3 de Serveis Socials durant anys\u201d.<\/p>\n\n\n\n<p>Hui, no obstant aix\u00f2, \u201chi ha instal\u00b7lacions esportives que es degraden i espais comuns abandonats\u201d. Una via p\u00fablica \u201cque conservem entre tots amb els nostres impostos\u201d i que per al PP \u00e9s \u201cla nostra oficina\u201d. \u201c\u00c9s al carrer on et trobes amb els problemes, converses amb els ciutadans i tractes de buscar solucions al desistiment de funcions de l&#8217;ajuntament\u201d.<\/p>\n\n\n\n<p>En este sentit, ha declarat Serra, \u201cel nostre comprom\u00eds \u00e9s capitalitzar el canvi pol\u00edtic per a ser capa\u00e7os de donar solucions als nostres ve\u00efns\u201d. I fer-ho \u201camb la m\u00e0 tendida i l&#8217;escolta activa que garantisca al nostre municipi els servicis que mereix en relaci\u00f3 als impostos que paga\u201d.<\/p>\n\n\n\n<p>I especialment perqu\u00e8 enguany comen\u00e7a el cobrament de la taxa d&#8217;escombraries imposada pel Govern de Pedro S\u00e1nchez i que Tania Ba\u00f1os, en qualitat d&#8217;alcaldessa, ha implementat. \u201cEs paga molt m\u00e9s per\u00f2 es rep molt menys. I esta situaci\u00f3 \u00e9s totalment injustificable\u201d, ha declarat Serra.<\/p>\n\n\n\n<p><\/p>\n","protected":false},"excerpt":{"rendered":"<p>El nou regidor del PP, Jorge Centelles, s&#8217;incorpora a l&#8217;equip i el far\u00e0 de manera oficial en el ple del dimecres 3 de setembre. El PP de la Vall d&#8217;Uix\u00f3 ha mobilitzat als seus regidors amb li objectiu de tra\u00e7ar l&#8217;activitat dels pr\u00f2xims mesos i forjar un municipi capa\u00e7 de fixar reptes i futur amb &#8230; <a title=\"El PP inicia curs pol\u00edtic per a &#8220;capitalitzar una Vall amb reptes i futur\u201d per tal de &#8220;resoldre problemes i liderar oportunitats&#8221;\" class=\"read-more\" href=\"https:\/\/elcafedepipa.com\/index.php\/2025\/09\/02\/el-pp-inicia-curs-politic-per-a-capitalitzar-una-vall-amb-reptes-i-futur-per-tal-de-resoldre-problemes-i-liderar-oportunitats\/\" aria-label=\"M\u00e9s informaci\u00f3 sobre El PP inicia curs pol\u00edtic per a &#8220;capitalitzar una Vall amb reptes i futur\u201d per tal de &#8220;resoldre problemes i liderar oportunitats&#8221;\">Read more<\/a><\/p>\n","protected":false},"author":2,"featured_media":16563,"comment_status":"closed","ping_status":"closed","sticky":false,"template":"","format":"standard","meta":{"om_disable_all_campaigns":false,"_monsterinsights_skip_tracking":false,"_monsterinsights_sitenote_active":false,"_monsterinsights_sitenote_note":"","_monsterinsights_sitenote_category":0,"_uf_show_specific_survey":0,"_uf_disable_surveys":false,"footnotes":""},"categories":[1],"tags":[],"class_list":["post-16560","post","type-post","status-publish","format-standard","has-post-thumbnail","hentry","category-non-classe"],"_links":{"self":[{"href":"https:\/\/elcafedepipa.com\/index.php\/wp-json\/wp\/v2\/posts\/16560","targetHints":{"allow":["GET"]}}],"collection":[{"href":"https:\/\/elcafedepipa.com\/index.php\/wp-json\/wp\/v2\/posts"}],"about":[{"href":"https:\/\/elcafedepipa.com\/index.php\/wp-json\/wp\/v2\/types\/post"}],"author":[{"embeddable":true,"href":"https:\/\/elcafedepipa.com\/index.php\/wp-json\/wp\/v2\/users\/2"}],"replies":[{"embeddable":true,"href":"https:\/\/elcafedepipa.com\/index.php\/wp-json\/wp\/v2\/comments?post=16560"}],"version-history":[{"count":1,"href":"https:\/\/elcafedepipa.com\/index.php\/wp-json\/wp\/v2\/posts\/16560\/revisions"}],"predecessor-version":[{"id":16564,"href":"https:\/\/elcafedepipa.com\/index.php\/wp-json\/wp\/v2\/posts\/16560\/revisions\/16564"}],"wp:featuredmedia":[{"embeddable":true,"href":"https:\/\/elcafedepipa.com\/index.php\/wp-json\/wp\/v2\/media\/16563"}],"wp:attachment":[{"href":"https:\/\/elcafedepipa.com\/index.php\/wp-json\/wp\/v2\/media?parent=16560"}],"wp:term":[{"taxonomy":"category","embeddable":true,"href":"https:\/\/elcafedepipa.com\/index.php\/wp-json\/wp\/v2\/categories?post=16560"},{"taxonomy":"post_tag","embeddable":true,"href":"https:\/\/elcafedepipa.com\/index.php\/wp-json\/wp\/v2\/tags?post=16560"}],"curies":[{"name":"wp","href":"https:\/\/api.w.org\/{rel}","templated":true}]}}