{"id":16537,"date":"2025-09-01T15:10:40","date_gmt":"2025-09-01T13:10:40","guid":{"rendered":"https:\/\/elcafedepipa.com\/?p=16537"},"modified":"2025-09-01T15:10:41","modified_gmt":"2025-09-01T13:10:41","slug":"la-reguarda-de-la-policia-local-a-la-platja-dalmenara-aten-prop-dun-centenar-de-consultes-en-el-seu-primer-estiu-de-funcionament","status":"publish","type":"post","link":"https:\/\/elcafedepipa.com\/index.php\/2025\/09\/01\/la-reguarda-de-la-policia-local-a-la-platja-dalmenara-aten-prop-dun-centenar-de-consultes-en-el-seu-primer-estiu-de-funcionament\/","title":{"rendered":"La reguarda de la Policia Local a la platja d&#8217;Almenara at\u00e9n prop d&#8217;un centenar de consultes en el seu primer estiu de funcionament"},"content":{"rendered":"\n<p><strong><em>Ha perm\u00e9s millorar la seguretat, la conviv\u00e8ncia i donar una resposta m\u00e9s \u00e0gil a les necessitats dels ve\u00efns i ve\u00efnes<\/em><\/strong><\/p>\n\n\n\n<p>La reguarda fixa de la Policia Local situat aquest estiu al Carrer Fillola, al costat del passeig mar\u00edtim de la Platja Casablanca, ha perm\u00e9s oferir una atenci\u00f3 m\u00e9s pr\u00f2xima i accessible a ve\u00efns i visitants. El balan\u00e7 estival destaca que s&#8217;han at\u00e9s 97 consultes ciutadanes relacionades amb objectes perduts, informaci\u00f3 tur\u00edstica, queixes ve\u00efnals o gestions administratives. Segons les dades arreplegades, un 87% de les persones ateses van valorar positivament l&#8217;atenci\u00f3 rebuda.<\/p>\n\n\n\n<p>La nova reguarda d&#8217;estiu ha comptat amb la pres\u00e8ncia fixa d&#8217;un agent en la zona de platja, refor\u00e7ada amb la coordinaci\u00f3 di\u00e0ria amb el servei de socorrisme i la col\u00b7laboraci\u00f3 amb altres serveis municipals. Aquesta estrat\u00e8gia ha perm\u00e9s refor\u00e7ar la seguretat, millorar la conviv\u00e8ncia i donar una resposta m\u00e9s \u00e0gil a les necessitats ciutadanes.<\/p>\n\n\n\n<p>D&#8217;altra banda, dins del balan\u00e7 d&#8217;estiu de la Policia Local d&#8217;Almenara es poden destacar les seg\u00fcents actuacions:<\/p>\n\n\n\n<p>\u2022 Atenci\u00f3 a banyistes i primers auxilis: 5 assist\u00e8ncies lleus (marejos, caigudes, talls), sense necessitat de trasllats en ambul\u00e0ncia.<\/p>\n\n\n\n<p>\u2022 Control d&#8217;animals solts: 27 intervencions, en un 92% resoltes amb av\u00eds als propietaris, sense sancions.<\/p>\n\n\n\n<p>\u2022 Regulaci\u00f3 de bicicletes i patinets en el passeig mar\u00edtim: 18 advert\u00e8ncies verbals, amb una reducci\u00f3 del 35% d&#8217;incid\u00e8ncies respecte a 2024.<\/p>\n\n\n\n<p>\u2022 Control en establiments: 54 visites preventives a quiosquets, restaurants i comer\u00e7os, amb 3 incid\u00e8ncies menors solucionades de manera amistosa i 1 sanci\u00f3 imposada.<\/p>\n\n\n\n<p>\u2022 Protecci\u00f3 mediambiental: 10 sancions per abocaments no autoritzats en zona de platja i voltants.<\/p>\n\n\n\n<p>\u2022 Controls de tr\u00e0nsit: 2 delictes per alcohol\u00e8mia positiva, a m\u00e9s de 4 sancions administratives per alcohol i 2 per consum de drogues.<\/p>\n\n\n\n<p>\u2022 Col\u00b7laboraci\u00f3 en actes esportius i festius: pres\u00e8ncia preventiva en les festes de la platja i en activitats organitzades en urbanitzacions, totes elles celebrades sense incidents destacables.<\/p>\n\n\n\n<p><strong>Conclusions positives<\/strong><\/p>\n\n\n\n<p>El cap de la Policia Local d&#8217;Almenara, Javier Navarro, ha destacat que el balan\u00e7 general durant l&#8217;estiu de 2025 \u00e9s \u201caltament satisfactori, perqu\u00e8 no s&#8217;han registrat incid\u00e8ncies greus, s&#8217;ha enfortit la seguretat entre ve\u00efns i visitants, i s&#8217;ha consolidat la reguarda com un model de servei de proximitat que plantejarem repetir i refor\u00e7ar en futures temporades estivals\u201d<\/p>\n","protected":false},"excerpt":{"rendered":"<p>Ha perm\u00e9s millorar la seguretat, la conviv\u00e8ncia i donar una resposta m\u00e9s \u00e0gil a les necessitats dels ve\u00efns i ve\u00efnes La reguarda fixa de la Policia Local situat aquest estiu al Carrer Fillola, al costat del passeig mar\u00edtim de la Platja Casablanca, ha perm\u00e9s oferir una atenci\u00f3 m\u00e9s pr\u00f2xima i accessible a ve\u00efns i visitants. &#8230; <a title=\"La reguarda de la Policia Local a la platja d&#8217;Almenara at\u00e9n prop d&#8217;un centenar de consultes en el seu primer estiu de funcionament\" class=\"read-more\" href=\"https:\/\/elcafedepipa.com\/index.php\/2025\/09\/01\/la-reguarda-de-la-policia-local-a-la-platja-dalmenara-aten-prop-dun-centenar-de-consultes-en-el-seu-primer-estiu-de-funcionament\/\" aria-label=\"M\u00e9s informaci\u00f3 sobre La reguarda de la Policia Local a la platja d&#8217;Almenara at\u00e9n prop d&#8217;un centenar de consultes en el seu primer estiu de funcionament\">Read more<\/a><\/p>\n","protected":false},"author":2,"featured_media":16538,"comment_status":"closed","ping_status":"closed","sticky":false,"template":"","format":"standard","meta":{"om_disable_all_campaigns":false,"_monsterinsights_skip_tracking":false,"_monsterinsights_sitenote_active":false,"_monsterinsights_sitenote_note":"","_monsterinsights_sitenote_category":0,"_uf_show_specific_survey":0,"_uf_disable_surveys":false,"footnotes":""},"categories":[5],"tags":[],"class_list":["post-16537","post","type-post","status-publish","format-standard","has-post-thumbnail","hentry","category-almenara"],"_links":{"self":[{"href":"https:\/\/elcafedepipa.com\/index.php\/wp-json\/wp\/v2\/posts\/16537","targetHints":{"allow":["GET"]}}],"collection":[{"href":"https:\/\/elcafedepipa.com\/index.php\/wp-json\/wp\/v2\/posts"}],"about":[{"href":"https:\/\/elcafedepipa.com\/index.php\/wp-json\/wp\/v2\/types\/post"}],"author":[{"embeddable":true,"href":"https:\/\/elcafedepipa.com\/index.php\/wp-json\/wp\/v2\/users\/2"}],"replies":[{"embeddable":true,"href":"https:\/\/elcafedepipa.com\/index.php\/wp-json\/wp\/v2\/comments?post=16537"}],"version-history":[{"count":1,"href":"https:\/\/elcafedepipa.com\/index.php\/wp-json\/wp\/v2\/posts\/16537\/revisions"}],"predecessor-version":[{"id":16539,"href":"https:\/\/elcafedepipa.com\/index.php\/wp-json\/wp\/v2\/posts\/16537\/revisions\/16539"}],"wp:featuredmedia":[{"embeddable":true,"href":"https:\/\/elcafedepipa.com\/index.php\/wp-json\/wp\/v2\/media\/16538"}],"wp:attachment":[{"href":"https:\/\/elcafedepipa.com\/index.php\/wp-json\/wp\/v2\/media?parent=16537"}],"wp:term":[{"taxonomy":"category","embeddable":true,"href":"https:\/\/elcafedepipa.com\/index.php\/wp-json\/wp\/v2\/categories?post=16537"},{"taxonomy":"post_tag","embeddable":true,"href":"https:\/\/elcafedepipa.com\/index.php\/wp-json\/wp\/v2\/tags?post=16537"}],"curies":[{"name":"wp","href":"https:\/\/api.w.org\/{rel}","templated":true}]}}