{"id":16534,"date":"2025-09-01T15:08:48","date_gmt":"2025-09-01T13:08:48","guid":{"rendered":"https:\/\/elcafedepipa.com\/?p=16534"},"modified":"2025-09-01T15:08:50","modified_gmt":"2025-09-01T13:08:50","slug":"moncofa-mante-viu-lesperit-de-lestiu-al-setembre-amb-un-programa-cultural-festiu-i-esportiu-ampli","status":"publish","type":"post","link":"https:\/\/elcafedepipa.com\/index.php\/2025\/09\/01\/moncofa-mante-viu-lesperit-de-lestiu-al-setembre-amb-un-programa-cultural-festiu-i-esportiu-ampli\/","title":{"rendered":"Moncofa mant\u00e9 viu l&#8217;esperit de l&#8217;estiu al setembre amb un programa cultural, festiu i esportiu ampli"},"content":{"rendered":"\n<p>Moncofa continua vivint l&#8217;estiu amb intensitat, tamb\u00e9 al setembre. L&#8217;Ajuntament de Moncofa ha preparat una \u00e0mplia programaci\u00f3 cultural, festiva, gastron\u00f2mica i esportiva per al mes de setembre que, amb el lema <strong>\u201cAl setembre, continua l\u2019estiu a Moncofa\u201d<\/strong>, allarga la temporada estival amb propostes per a totes les edats i l&#8217;objectiu de consolidar la localitat com a referent de dinamitzaci\u00f3 tur\u00edstica i cultural tamb\u00e9 m\u00e9s enll\u00e0 dels mesos d&#8217;estiu.<\/p>\n\n\n\n<p>La programaci\u00f3 arranca el 4 de setembre amb el taller d&#8217;aquarel\u00b7les Art a la vora del mar, a la pla\u00e7a dels Clucs. El 5 de setembre tindr\u00e0 lloc el Sopar Estell\u00e9s, una trobada popular de pa i porta, organitzada a l&#8217;ermita amb la col\u00b7laboraci\u00f3 d&#8217;associacions i comer\u00e7os locals. Durant el cap de setmana del 6 i el 7 de setembre, la localitat acollir\u00e0 el Living Lab, un festival d&#8217;art mar\u00edtim, ci\u00e8ncia i biodiversitat amb tallers i actuacions musicals. Els m\u00e9s petits, podran gaudir el dissabte 6 del contacontes, coincidint amb l&#8217;enregistrament del podcast Mart pot esperar, mentre que el diumenge hi haur\u00e0 activitats i jocs infantils a la pla\u00e7a Na Violant d&#8217;Hongria.<\/p>\n\n\n\n<p>La setmana seg\u00fcent s&#8217;obrir\u00e0 amb la visita guiada Moncofa: un passeig per la vila l&#8217;11 de setembre, que partir\u00e0 des de l&#8217;ermita a les 19:30 hores (inscripcions a l&#8217;oficina de turisme). El 12 de setembre, la programaci\u00f3 fa una crida a la solidaritat per a la donaci\u00f3 de sang al Polifuncional, de 16.30 a 20.30 hores, mentre que el 13 de setembre arribar\u00e0 el torn de l&#8217;espectacle Malabares Clown a la pla\u00e7a Na Violant d&#8217;Hongria. El diumenge 14 de setembre tornar\u00e0 la tarda infantil amb bou mec\u00e0nic, inflables, futbol\u00ed, pintacares i m\u00fasica.<\/p>\n\n\n\n<p>El 18 de setembre Moncofa es bolcar\u00e0 a la Marxa per l&#8217;Alzheimer, amb eixida des del Centre SAVIA a les 11 hores. Finalment, el 21 de setembre se celebrar\u00e0 la Mitja Marat\u00f3 Moncofa, amb sortida a la pla\u00e7a de la Constituci\u00f3 a les 9 hores, que convertir\u00e0 el municipi en punt de trobada per als aficionats a l&#8217;atletisme. <\/p>\n\n\n\n<p>A tot aix\u00f2 se sumen les exposicions que acull la Sala Pleamar, amb mostres de Jos\u00e9 Rius Alacreu, Olha Kuznietsova, Jos\u00e9 Vicente Tamborero i Josefina Rosell\u00f3, i Rom\u00e1n De Oro al llarg del mes, a m\u00e9s de les IX Jornades gastron\u00f2miques de l\u2019arr\u00f2s i la paella.<\/p>\n\n\n\n<p>La regidora de Cultura i de Turisme, <strong>Ilenia Begnozzi<\/strong>, ha destacat que &#8220;aquesta programaci\u00f3 \u00e9s un exemple de l\u00b4esfor\u00e7 que fem des de l\u00b4Ajuntament perqu\u00e8 Moncofa segueixi sent un poble viu, din\u00e0mic i atractiu, tamb\u00e9 m\u00e9s enll\u00e0 dels mesos de juliol i agost. Volem que setembre es converteixi en un mes de refer\u00e8ncia per al turisme cultural i familiar, amb activitats que fomenten la poblaci\u00f3&#8221;.<\/p>\n\n\n\n<p><\/p>\n","protected":false},"excerpt":{"rendered":"<p>Moncofa continua vivint l&#8217;estiu amb intensitat, tamb\u00e9 al setembre. L&#8217;Ajuntament de Moncofa ha preparat una \u00e0mplia programaci\u00f3 cultural, festiva, gastron\u00f2mica i esportiva per al mes de setembre que, amb el lema \u201cAl setembre, continua l\u2019estiu a Moncofa\u201d, allarga la temporada estival amb propostes per a totes les edats i l&#8217;objectiu de consolidar la localitat com &#8230; <a title=\"Moncofa mant\u00e9 viu l&#8217;esperit de l&#8217;estiu al setembre amb un programa cultural, festiu i esportiu ampli\" class=\"read-more\" href=\"https:\/\/elcafedepipa.com\/index.php\/2025\/09\/01\/moncofa-mante-viu-lesperit-de-lestiu-al-setembre-amb-un-programa-cultural-festiu-i-esportiu-ampli\/\" aria-label=\"M\u00e9s informaci\u00f3 sobre Moncofa mant\u00e9 viu l&#8217;esperit de l&#8217;estiu al setembre amb un programa cultural, festiu i esportiu ampli\">Read more<\/a><\/p>\n","protected":false},"author":2,"featured_media":16535,"comment_status":"closed","ping_status":"closed","sticky":false,"template":"","format":"standard","meta":{"om_disable_all_campaigns":false,"_monsterinsights_skip_tracking":false,"_monsterinsights_sitenote_active":false,"_monsterinsights_sitenote_note":"","_monsterinsights_sitenote_category":0,"_uf_show_specific_survey":0,"_uf_disable_surveys":false,"footnotes":""},"categories":[4],"tags":[],"class_list":["post-16534","post","type-post","status-publish","format-standard","has-post-thumbnail","hentry","category-moncofa"],"_links":{"self":[{"href":"https:\/\/elcafedepipa.com\/index.php\/wp-json\/wp\/v2\/posts\/16534","targetHints":{"allow":["GET"]}}],"collection":[{"href":"https:\/\/elcafedepipa.com\/index.php\/wp-json\/wp\/v2\/posts"}],"about":[{"href":"https:\/\/elcafedepipa.com\/index.php\/wp-json\/wp\/v2\/types\/post"}],"author":[{"embeddable":true,"href":"https:\/\/elcafedepipa.com\/index.php\/wp-json\/wp\/v2\/users\/2"}],"replies":[{"embeddable":true,"href":"https:\/\/elcafedepipa.com\/index.php\/wp-json\/wp\/v2\/comments?post=16534"}],"version-history":[{"count":1,"href":"https:\/\/elcafedepipa.com\/index.php\/wp-json\/wp\/v2\/posts\/16534\/revisions"}],"predecessor-version":[{"id":16536,"href":"https:\/\/elcafedepipa.com\/index.php\/wp-json\/wp\/v2\/posts\/16534\/revisions\/16536"}],"wp:featuredmedia":[{"embeddable":true,"href":"https:\/\/elcafedepipa.com\/index.php\/wp-json\/wp\/v2\/media\/16535"}],"wp:attachment":[{"href":"https:\/\/elcafedepipa.com\/index.php\/wp-json\/wp\/v2\/media?parent=16534"}],"wp:term":[{"taxonomy":"category","embeddable":true,"href":"https:\/\/elcafedepipa.com\/index.php\/wp-json\/wp\/v2\/categories?post=16534"},{"taxonomy":"post_tag","embeddable":true,"href":"https:\/\/elcafedepipa.com\/index.php\/wp-json\/wp\/v2\/tags?post=16534"}],"curies":[{"name":"wp","href":"https:\/\/api.w.org\/{rel}","templated":true}]}}