{"id":16498,"date":"2025-08-28T14:07:03","date_gmt":"2025-08-28T12:07:03","guid":{"rendered":"https:\/\/elcafedepipa.com\/?p=16498"},"modified":"2025-08-28T14:07:04","modified_gmt":"2025-08-28T12:07:04","slug":"els-treballs-arqueologics-al-poblat-iberic-de-sant-josep-trauen-a-la-llum-interessants-troballes","status":"publish","type":"post","link":"https:\/\/elcafedepipa.com\/index.php\/2025\/08\/28\/els-treballs-arqueologics-al-poblat-iberic-de-sant-josep-trauen-a-la-llum-interessants-troballes\/","title":{"rendered":"Els treballs arqueol\u00f2gics al Poblat ib\u00e8ric de Sant Josep trauen a la llum interessants troballes"},"content":{"rendered":"\n<p>\u00c9s una de les majors excavacions de la prov\u00edncia en estos moments i s&#8217;han destinat vora dos milions d&#8217;euros a l&#8217;entorn entre estos treballs, el nou parc aqu\u00e0tic, i el Museu segons ha comentat este mat\u00ed l&#8217;alcaldessa de la Vall d&#8217;Uix\u00f3, Tania Ba\u00f1os, en una visita institucional que han realitzat per vore de primera m\u00e0 com estan sent els treballs que han comen\u00e7at a principi d&#8217;agost.<\/p>\n\n\n\n<p>S&#8217;han trobat \u00e0nfores, l&#8217;escala que pujaria a la part superior del poblat, aixi com una s\u00e8rie d&#8217;estructures relacionades amb altres fasses hist\u00f2riques d&#8217;ocupaci\u00f3 del poblat. I hui mateix ha aparegut un soterrament infantil, que encara no se sap si podria ser d&#8217;\u00e8poca romana o posterior.<\/p>\n\n\n\n<p>Precissament este diumenge 31 d&#8217;agost, el Cicle estival de la &#8216;Nits d&#8217;hist\u00f2ries i historietes&#8217; es tancar\u00e0 amb una visita a les obres del poblat per al que ja no queden places disponibles, per\u00f2 tot apunta a que ser\u00e0 una visita que es tornar\u00e0 a programar en els propers mesos per la import\u00e0ncia de totes les troballes que estan eixint i que encara en seran m\u00e9s.<\/p>\n\n\n\n<p><\/p>\n","protected":false},"excerpt":{"rendered":"<p>\u00c9s una de les majors excavacions de la prov\u00edncia en estos moments i s&#8217;han destinat vora dos milions d&#8217;euros a l&#8217;entorn entre estos treballs, el nou parc aqu\u00e0tic, i el Museu segons ha comentat este mat\u00ed l&#8217;alcaldessa de la Vall d&#8217;Uix\u00f3, Tania Ba\u00f1os, en una visita institucional que han realitzat per vore de primera m\u00e0 &#8230; <a title=\"Els treballs arqueol\u00f2gics al Poblat ib\u00e8ric de Sant Josep trauen a la llum interessants troballes\" class=\"read-more\" href=\"https:\/\/elcafedepipa.com\/index.php\/2025\/08\/28\/els-treballs-arqueologics-al-poblat-iberic-de-sant-josep-trauen-a-la-llum-interessants-troballes\/\" aria-label=\"M\u00e9s informaci\u00f3 sobre Els treballs arqueol\u00f2gics al Poblat ib\u00e8ric de Sant Josep trauen a la llum interessants troballes\">Read more<\/a><\/p>\n","protected":false},"author":2,"featured_media":16499,"comment_status":"closed","ping_status":"closed","sticky":false,"template":"","format":"standard","meta":{"om_disable_all_campaigns":false,"_monsterinsights_skip_tracking":false,"_monsterinsights_sitenote_active":false,"_monsterinsights_sitenote_note":"","_monsterinsights_sitenote_category":0,"_uf_show_specific_survey":0,"_uf_disable_surveys":false,"footnotes":""},"categories":[1],"tags":[],"class_list":["post-16498","post","type-post","status-publish","format-standard","has-post-thumbnail","hentry","category-non-classe"],"_links":{"self":[{"href":"https:\/\/elcafedepipa.com\/index.php\/wp-json\/wp\/v2\/posts\/16498","targetHints":{"allow":["GET"]}}],"collection":[{"href":"https:\/\/elcafedepipa.com\/index.php\/wp-json\/wp\/v2\/posts"}],"about":[{"href":"https:\/\/elcafedepipa.com\/index.php\/wp-json\/wp\/v2\/types\/post"}],"author":[{"embeddable":true,"href":"https:\/\/elcafedepipa.com\/index.php\/wp-json\/wp\/v2\/users\/2"}],"replies":[{"embeddable":true,"href":"https:\/\/elcafedepipa.com\/index.php\/wp-json\/wp\/v2\/comments?post=16498"}],"version-history":[{"count":1,"href":"https:\/\/elcafedepipa.com\/index.php\/wp-json\/wp\/v2\/posts\/16498\/revisions"}],"predecessor-version":[{"id":16500,"href":"https:\/\/elcafedepipa.com\/index.php\/wp-json\/wp\/v2\/posts\/16498\/revisions\/16500"}],"wp:featuredmedia":[{"embeddable":true,"href":"https:\/\/elcafedepipa.com\/index.php\/wp-json\/wp\/v2\/media\/16499"}],"wp:attachment":[{"href":"https:\/\/elcafedepipa.com\/index.php\/wp-json\/wp\/v2\/media?parent=16498"}],"wp:term":[{"taxonomy":"category","embeddable":true,"href":"https:\/\/elcafedepipa.com\/index.php\/wp-json\/wp\/v2\/categories?post=16498"},{"taxonomy":"post_tag","embeddable":true,"href":"https:\/\/elcafedepipa.com\/index.php\/wp-json\/wp\/v2\/tags?post=16498"}],"curies":[{"name":"wp","href":"https:\/\/api.w.org\/{rel}","templated":true}]}}