{"id":16490,"date":"2025-08-28T13:46:37","date_gmt":"2025-08-28T11:46:37","guid":{"rendered":"https:\/\/elcafedepipa.com\/?p=16490"},"modified":"2025-08-28T13:46:37","modified_gmt":"2025-08-28T11:46:37","slug":"el-pspv-de-la-diputacio-critica-que-el-nou-caprici-de-marta-barrachina-siga-canviar-la-moqueta-de-lescalinata-del-palau-provincial-per-40-000-euros","status":"publish","type":"post","link":"https:\/\/elcafedepipa.com\/index.php\/2025\/08\/28\/el-pspv-de-la-diputacio-critica-que-el-nou-caprici-de-marta-barrachina-siga-canviar-la-moqueta-de-lescalinata-del-palau-provincial-per-40-000-euros\/","title":{"rendered":"El PSPV de la Diputaci\u00f3 critica que el nou caprici de Marta Barrachina siga canviar la moqueta de l\u2019escalinata del Palau Provincial per 40.000 euros"},"content":{"rendered":"\n<p><br><strong>Falomir denuncia que la presidenta del PP acumula m\u00e9s de 400.000 euros en treballs de redecoraci\u00f3 i l\u2019acusa d\u2019estar \u201cm\u00e9s pendent &nbsp;de viure b\u00e9 que de governar amb sentit com\u00fa\u201d<\/strong><br><br>El grup socialista de la Diputaci\u00f3 de Castell\u00f3 ha denunciat que Presid\u00e8ncia ha donat llum verda definitiva al recanvi de la moqueta de l\u2019escalinata principal del Palau Provincial amb l\u2019adjudicaci\u00f3 del contracte de servei per un import de 40.000 euros. En opini\u00f3 del portaveu socialista, Samuel Falomir, \u201ces tracta d\u2019una despesa desorbitada, o m\u00e9s ben dit un caprici completament innecessari, tenint en compte que la moqueta actual compleix perfectament la seua funci\u00f3 i ning\u00fa ha demanar canviar-la\u201d.<br><br>Falomir ha subratllat que \u201cara mateix hi ha altres prioritats m\u00e9s importants que gastar-se aquesta quantitat en renovar la pres\u00e8ncia de l\u2019escala noble del Palau, com ara refor\u00e7ar les ajudes socials o compensar les retallades del seu cap de files, Carlos Maz\u00f3n, en les transfer\u00e8ncies als municipis en risc de despoblament\u201d.<br><br>Els socialistes lamenten que les prioritats de Marta Barrachina, des del primer moment, \u201cpassen per envoltar-se de luxes i deixar un Palau decorat al seu gust mentre oblida les necessitats dels municipis i de les persones\u201d. El diputat alcor\u00ed recorda que, amb aquesta inversi\u00f3, la presidenta acumula ja m\u00e9s de 400.000 euros en despeses destinades exclusivament a Presid\u00e8ncia, que inclouen la reforma integral del seu despatx i del cap de gabinet, aix\u00ed com l\u2019adquisici\u00f3 d\u2019un cotxe oficial d\u2019alta gamma per als seus despla\u00e7aments.<br><br>\u201c\u00c9s una actitud megal\u00f2mana pr\u00f2pia del PP m\u00e9s ranci i fabrista, que viu m\u00e9s pendent de viure b\u00e9 que de governar amb sentit com\u00fa i arribar a acords per a millorar la vida de la ciutadania\u201d, ha concl\u00f2s Falomir.<\/p>\n","protected":false},"excerpt":{"rendered":"<p>Falomir denuncia que la presidenta del PP acumula m\u00e9s de 400.000 euros en treballs de redecoraci\u00f3 i l\u2019acusa d\u2019estar \u201cm\u00e9s pendent &nbsp;de viure b\u00e9 que de governar amb sentit com\u00fa\u201d El grup socialista de la Diputaci\u00f3 de Castell\u00f3 ha denunciat que Presid\u00e8ncia ha donat llum verda definitiva al recanvi de la moqueta de l\u2019escalinata principal &#8230; <a title=\"El PSPV de la Diputaci\u00f3 critica que el nou caprici de Marta Barrachina siga canviar la moqueta de l\u2019escalinata del Palau Provincial per 40.000 euros\" class=\"read-more\" href=\"https:\/\/elcafedepipa.com\/index.php\/2025\/08\/28\/el-pspv-de-la-diputacio-critica-que-el-nou-caprici-de-marta-barrachina-siga-canviar-la-moqueta-de-lescalinata-del-palau-provincial-per-40-000-euros\/\" aria-label=\"M\u00e9s informaci\u00f3 sobre El PSPV de la Diputaci\u00f3 critica que el nou caprici de Marta Barrachina siga canviar la moqueta de l\u2019escalinata del Palau Provincial per 40.000 euros\">Read more<\/a><\/p>\n","protected":false},"author":2,"featured_media":16491,"comment_status":"closed","ping_status":"closed","sticky":false,"template":"","format":"standard","meta":{"om_disable_all_campaigns":false,"_monsterinsights_skip_tracking":false,"_monsterinsights_sitenote_active":false,"_monsterinsights_sitenote_note":"","_monsterinsights_sitenote_category":0,"_uf_show_specific_survey":0,"_uf_disable_surveys":false,"footnotes":""},"categories":[10],"tags":[],"class_list":["post-16490","post","type-post","status-publish","format-standard","has-post-thumbnail","hentry","category-provinciadecastello"],"_links":{"self":[{"href":"https:\/\/elcafedepipa.com\/index.php\/wp-json\/wp\/v2\/posts\/16490","targetHints":{"allow":["GET"]}}],"collection":[{"href":"https:\/\/elcafedepipa.com\/index.php\/wp-json\/wp\/v2\/posts"}],"about":[{"href":"https:\/\/elcafedepipa.com\/index.php\/wp-json\/wp\/v2\/types\/post"}],"author":[{"embeddable":true,"href":"https:\/\/elcafedepipa.com\/index.php\/wp-json\/wp\/v2\/users\/2"}],"replies":[{"embeddable":true,"href":"https:\/\/elcafedepipa.com\/index.php\/wp-json\/wp\/v2\/comments?post=16490"}],"version-history":[{"count":1,"href":"https:\/\/elcafedepipa.com\/index.php\/wp-json\/wp\/v2\/posts\/16490\/revisions"}],"predecessor-version":[{"id":16492,"href":"https:\/\/elcafedepipa.com\/index.php\/wp-json\/wp\/v2\/posts\/16490\/revisions\/16492"}],"wp:featuredmedia":[{"embeddable":true,"href":"https:\/\/elcafedepipa.com\/index.php\/wp-json\/wp\/v2\/media\/16491"}],"wp:attachment":[{"href":"https:\/\/elcafedepipa.com\/index.php\/wp-json\/wp\/v2\/media?parent=16490"}],"wp:term":[{"taxonomy":"category","embeddable":true,"href":"https:\/\/elcafedepipa.com\/index.php\/wp-json\/wp\/v2\/categories?post=16490"},{"taxonomy":"post_tag","embeddable":true,"href":"https:\/\/elcafedepipa.com\/index.php\/wp-json\/wp\/v2\/tags?post=16490"}],"curies":[{"name":"wp","href":"https:\/\/api.w.org\/{rel}","templated":true}]}}