{"id":16487,"date":"2025-08-28T13:45:08","date_gmt":"2025-08-28T11:45:08","guid":{"rendered":"https:\/\/elcafedepipa.com\/?p=16487"},"modified":"2025-08-28T13:45:09","modified_gmt":"2025-08-28T11:45:09","slug":"la-unio-adverteix-dun-nou-descens-del-14-en-els-perceptors-de-les-ajudes-directes-de-la-pac-en-la-comunitat-valenciana","status":"publish","type":"post","link":"https:\/\/elcafedepipa.com\/index.php\/2025\/08\/28\/la-unio-adverteix-dun-nou-descens-del-14-en-els-perceptors-de-les-ajudes-directes-de-la-pac-en-la-comunitat-valenciana\/","title":{"rendered":"LA UNI\u00d3 adverteix d&#8217;un nou descens del 14% en els perceptors de les ajudes directes de la PAC en la Comunitat Valenciana"},"content":{"rendered":"\n<p><strong>La caiguda \u00e9s major entre les dones i nom\u00e9s hi ha 188 perceptors menors de 25 anys<\/strong><\/p>\n\n\n\n<p>La Uni\u00f3 Llauradora i Ramadera assenyala que el nombre total de perceptors de les ajudes directes de la PAC en la Comunitat Valenciana va descendir un 14% en 2024 respecte a l&#8217;any anterior, segons les dades publicades pel FEGA.<\/p>\n\n\n\n<p>La disminuci\u00f3 global de perceptors indica que les pol\u00edtiques actuals de la PAC no estan aconseguint frenar la p\u00e8rdua de llauradors, especialment joves i dones, la qual cosa s&#8217;hauria de traduir en\u00a0millors pol\u00edtiques per a evitar cometre els mateixos errors en la nova PAC 2028-2034, precisament ara que comencen les negociacions una vegada presentat el Marc Financer Pluriennal per la Comissi\u00f3 Europea el mes de juliol passat.<\/p>\n\n\n\n<p>La reducci\u00f3 global \u00e9s de 5.476 perceptors i el descens \u00e9s major (16%) en dones que en homes (13%). Destaca de l&#8217;an\u00e0lisi de l&#8217;estudi que els llauradors i ramaders joves -els de menys de 40 anys- s\u00f3n un col\u00b7lectiu en risc en la Comunitat Valenciana. \u00danicament, i malgrat una lleugera pujada en 2024, hi ha 188 perceptors que tenen menys de 25 anys, el 0,56% del total. Entre 25 i 40 anys existeixen 1.775 perceptors, amb una disminuci\u00f3 del 4% respecte a 2023, la qual cosa reflecteix una tend\u00e8ncia preocupant.<\/p>\n\n\n\n<p>L&#8217;escassa representativitat dels joves en les ajudes directes posa en relleu la urg\u00e8ncia de pol\u00edtiques que incentiven la incorporaci\u00f3 de nous llauradors i asseguren la continu\u00eftat generacional en el camp i aix\u00f2 ha de ser amb una pol\u00edtica que vaja m\u00e9s enll\u00e0 de la concessi\u00f3 d&#8217;ajudes a la primera instal\u00b7laci\u00f3.<\/p>\n\n\n\n<p>En el costat contrari tamb\u00e9 hi ha una reducci\u00f3 significativa de llauradors i ramaders jubilats. En 2024 hi havia 15.937 perceptors majors de 65 anys, amb una caiguda del 18% respecte a 2023 i un dels descensos m\u00e9s importants entre els estrats d&#8217;edat. Encara que representen quasi la meitat del total de perceptors, la disminuci\u00f3 posa en relleu que els jubilats que encara mantenen activitat agr\u00e0ria necessiten un suport adaptat que assegure la seua viabilitat i transmeta experi\u00e8ncia i les explotacions a les noves generacions.<\/p>\n\n\n\n<p>LA UNI\u00d3 advoca en aquest sentit per mesures espec\u00edfiques que incloguen incentius i acompanyament per a la incorporaci\u00f3 de joves llauradors; aix\u00ed com programes de transici\u00f3 i suport per a jubilats, garantint la transfer\u00e8ncia de coneixements i de les seues explotacions amb una millora de la seua pensi\u00f3 de jubilaci\u00f3. Tamb\u00e9 aposta per la revisi\u00f3 dels criteris d&#8217;acc\u00e9s a les ajudes per a assegurar que la PAC complisca la seua funci\u00f3 de sustentaci\u00f3 del teixit agrari professional valenci\u00e0 i no sols com una ajuda econ\u00f2mica puntual.<\/p>\n\n\n\n<p>Carles Peris, secretari general de LA UNI\u00d3, indica que \u201cla PAC continua sent essencial per al camp valenci\u00e0, per\u00f2 \u00e9s necessari adaptar-la a les necessitats reals dels col\u00b7lectius estrat\u00e8gics, aquells joves que volen incorporar-se i garantint una transici\u00f3 positiva a la jubilaci\u00f3 amb major pensi\u00f3 mensual i una transmissi\u00f3 de coneixement i de l&#8217;explotaci\u00f3\u201d.<\/p>\n","protected":false},"excerpt":{"rendered":"<p>La caiguda \u00e9s major entre les dones i nom\u00e9s hi ha 188 perceptors menors de 25 anys La Uni\u00f3 Llauradora i Ramadera assenyala que el nombre total de perceptors de les ajudes directes de la PAC en la Comunitat Valenciana va descendir un 14% en 2024 respecte a l&#8217;any anterior, segons les dades publicades pel &#8230; <a title=\"LA UNI\u00d3 adverteix d&#8217;un nou descens del 14% en els perceptors de les ajudes directes de la PAC en la Comunitat Valenciana\" class=\"read-more\" href=\"https:\/\/elcafedepipa.com\/index.php\/2025\/08\/28\/la-unio-adverteix-dun-nou-descens-del-14-en-els-perceptors-de-les-ajudes-directes-de-la-pac-en-la-comunitat-valenciana\/\" aria-label=\"M\u00e9s informaci\u00f3 sobre LA UNI\u00d3 adverteix d&#8217;un nou descens del 14% en els perceptors de les ajudes directes de la PAC en la Comunitat Valenciana\">Read more<\/a><\/p>\n","protected":false},"author":2,"featured_media":16488,"comment_status":"closed","ping_status":"closed","sticky":false,"template":"","format":"standard","meta":{"om_disable_all_campaigns":false,"_monsterinsights_skip_tracking":false,"_monsterinsights_sitenote_active":false,"_monsterinsights_sitenote_note":"","_monsterinsights_sitenote_category":0,"_uf_show_specific_survey":0,"_uf_disable_surveys":false,"footnotes":""},"categories":[1],"tags":[],"class_list":["post-16487","post","type-post","status-publish","format-standard","has-post-thumbnail","hentry","category-non-classe"],"_links":{"self":[{"href":"https:\/\/elcafedepipa.com\/index.php\/wp-json\/wp\/v2\/posts\/16487","targetHints":{"allow":["GET"]}}],"collection":[{"href":"https:\/\/elcafedepipa.com\/index.php\/wp-json\/wp\/v2\/posts"}],"about":[{"href":"https:\/\/elcafedepipa.com\/index.php\/wp-json\/wp\/v2\/types\/post"}],"author":[{"embeddable":true,"href":"https:\/\/elcafedepipa.com\/index.php\/wp-json\/wp\/v2\/users\/2"}],"replies":[{"embeddable":true,"href":"https:\/\/elcafedepipa.com\/index.php\/wp-json\/wp\/v2\/comments?post=16487"}],"version-history":[{"count":1,"href":"https:\/\/elcafedepipa.com\/index.php\/wp-json\/wp\/v2\/posts\/16487\/revisions"}],"predecessor-version":[{"id":16489,"href":"https:\/\/elcafedepipa.com\/index.php\/wp-json\/wp\/v2\/posts\/16487\/revisions\/16489"}],"wp:featuredmedia":[{"embeddable":true,"href":"https:\/\/elcafedepipa.com\/index.php\/wp-json\/wp\/v2\/media\/16488"}],"wp:attachment":[{"href":"https:\/\/elcafedepipa.com\/index.php\/wp-json\/wp\/v2\/media?parent=16487"}],"wp:term":[{"taxonomy":"category","embeddable":true,"href":"https:\/\/elcafedepipa.com\/index.php\/wp-json\/wp\/v2\/categories?post=16487"},{"taxonomy":"post_tag","embeddable":true,"href":"https:\/\/elcafedepipa.com\/index.php\/wp-json\/wp\/v2\/tags?post=16487"}],"curies":[{"name":"wp","href":"https:\/\/api.w.org\/{rel}","templated":true}]}}