{"id":16462,"date":"2025-08-27T13:49:49","date_gmt":"2025-08-27T11:49:49","guid":{"rendered":"https:\/\/elcafedepipa.com\/?p=16462"},"modified":"2025-08-27T13:50:10","modified_gmt":"2025-08-27T11:50:10","slug":"nules-segueix-gaudint-de-les-seues-festes-patronals","status":"publish","type":"post","link":"https:\/\/elcafedepipa.com\/index.php\/2025\/08\/27\/nules-segueix-gaudint-de-les-seues-festes-patronals\/","title":{"rendered":"Nules segueix gaudint de les seues festes patronals"},"content":{"rendered":"\n<p><strong>Els actes taurins protagonitzen gran part de la programaci\u00f3<\/strong><\/p>\n\n\n\n<p>Les nuleres i els nulers estan immersos en plenes festes patronals en honor a Sant Bartomeu que varen comen\u00e7ar el passat divendres, 22 d\u2019agost, amb la crid\u00e0.<\/p>\n\n\n\n<p>En concret, en la jornada de hui dimecres cal destacar la celebraci\u00f3 d\u2019actes molt arrelats en aquestes festes com ara el ball per a la gent major o la Nit de Ronda a c\u00e0rrec de Vora S\u00e8quia.<\/p>\n\n\n\n<p>Aix\u00ed doncs, tamb\u00e9 s\u2019espera gran aflu\u00e8ncia de gent per a la resta d\u2019actes festius, de fet els aficionats taurins tamb\u00e9 podran seguir gaudint dels actes taurins que tindran lloc dijous amb un bou per la vila de la ramaderia La Campana que patrocina l\u2019Ajuntament de Nules; divendres amb el bou per la vila&nbsp; de la ramaderia&nbsp; Roman Sorando que patrocina la penya l\u2019Esgarr\u00f3, i amb el bou embolat de la ramaderia&nbsp; Orive que tamb\u00e9 patrocina l\u2019Ajuntament de Nules; i dissabte s\u2019exhibiran dos bous per la vila, un de la ramaderia Rehuelga i un altre de la ramaderia&nbsp; Sergio Centelles que patrocina la Penya Cultural Taurina, i que s\u2019embolaran a la nit.&nbsp;<\/p>\n\n\n\n<p>A m\u00e9s, el m\u00e9s menuts compten aquestes festes amb diferents actes de tot tipus amb diferents parcs infantils, l\u2019espectacle de transhum\u00e0ncia que va patrocinar dilluns la penya el Bou, o amb l\u2019espectacle infantil \u201cCirco Piruleta\u201d que va tindre lloc dimarts al Local Multifuncional amb m\u00e9s de 300 persones assistents. Amb tot, totes les vesprades es pot gaudir tamb\u00e9 d\u2019actuacions en directe al mes\u00f3 de la tapa on cada dia es congrega multitud de gent.&nbsp;&nbsp;&nbsp;&nbsp;<\/p>\n\n\n\n<p>No obstant aix\u00f2, entre els actes m\u00e9s multitudinaris que tindran lloc en els pr\u00f2xims dies cal destacar la desfilada de disfresses amb la participaci\u00f3 d\u2019un centenar de penyes dijous a la nit o el concert del grup Efecto Pasillo dissabte a la nit.<\/p>\n\n\n\n<figure class=\"wp-block-image size-large\"><img fetchpriority=\"high\" decoding=\"async\" width=\"1024\" height=\"683\" src=\"https:\/\/elcafedepipa.com\/wp-content\/uploads\/2025\/08\/nules2-1024x683.jpg\" alt=\"\" class=\"wp-image-16465\" srcset=\"https:\/\/elcafedepipa.com\/wp-content\/uploads\/2025\/08\/nules2-1024x683.jpg 1024w, https:\/\/elcafedepipa.com\/wp-content\/uploads\/2025\/08\/nules2-300x200.jpg 300w, https:\/\/elcafedepipa.com\/wp-content\/uploads\/2025\/08\/nules2-768x512.jpg 768w, https:\/\/elcafedepipa.com\/wp-content\/uploads\/2025\/08\/nules2-1536x1024.jpg 1536w, https:\/\/elcafedepipa.com\/wp-content\/uploads\/2025\/08\/nules2.jpg 2048w\" sizes=\"(max-width: 1024px) 100vw, 1024px\" \/><\/figure>\n\n\n\n<figure class=\"wp-block-image size-large\"><img decoding=\"async\" width=\"1024\" height=\"683\" src=\"https:\/\/elcafedepipa.com\/wp-content\/uploads\/2025\/08\/nules3-1024x683.jpg\" alt=\"\" class=\"wp-image-16466\" srcset=\"https:\/\/elcafedepipa.com\/wp-content\/uploads\/2025\/08\/nules3-1024x683.jpg 1024w, https:\/\/elcafedepipa.com\/wp-content\/uploads\/2025\/08\/nules3-300x200.jpg 300w, https:\/\/elcafedepipa.com\/wp-content\/uploads\/2025\/08\/nules3-768x512.jpg 768w, https:\/\/elcafedepipa.com\/wp-content\/uploads\/2025\/08\/nules3-1536x1024.jpg 1536w, https:\/\/elcafedepipa.com\/wp-content\/uploads\/2025\/08\/nules3.jpg 2048w\" sizes=\"(max-width: 1024px) 100vw, 1024px\" \/><\/figure>\n","protected":false},"excerpt":{"rendered":"<p>Els actes taurins protagonitzen gran part de la programaci\u00f3 Les nuleres i els nulers estan immersos en plenes festes patronals en honor a Sant Bartomeu que varen comen\u00e7ar el passat divendres, 22 d\u2019agost, amb la crid\u00e0. En concret, en la jornada de hui dimecres cal destacar la celebraci\u00f3 d\u2019actes molt arrelats en aquestes festes com &#8230; <a title=\"Nules segueix gaudint de les seues festes patronals\" class=\"read-more\" href=\"https:\/\/elcafedepipa.com\/index.php\/2025\/08\/27\/nules-segueix-gaudint-de-les-seues-festes-patronals\/\" aria-label=\"M\u00e9s informaci\u00f3 sobre Nules segueix gaudint de les seues festes patronals\">Read more<\/a><\/p>\n","protected":false},"author":2,"featured_media":16463,"comment_status":"closed","ping_status":"closed","sticky":false,"template":"","format":"standard","meta":{"om_disable_all_campaigns":false,"_monsterinsights_skip_tracking":false,"_monsterinsights_sitenote_active":false,"_monsterinsights_sitenote_note":"","_monsterinsights_sitenote_category":0,"_uf_show_specific_survey":0,"_uf_disable_surveys":false,"footnotes":""},"categories":[3],"tags":[],"class_list":["post-16462","post","type-post","status-publish","format-standard","has-post-thumbnail","hentry","category-nules"],"_links":{"self":[{"href":"https:\/\/elcafedepipa.com\/index.php\/wp-json\/wp\/v2\/posts\/16462","targetHints":{"allow":["GET"]}}],"collection":[{"href":"https:\/\/elcafedepipa.com\/index.php\/wp-json\/wp\/v2\/posts"}],"about":[{"href":"https:\/\/elcafedepipa.com\/index.php\/wp-json\/wp\/v2\/types\/post"}],"author":[{"embeddable":true,"href":"https:\/\/elcafedepipa.com\/index.php\/wp-json\/wp\/v2\/users\/2"}],"replies":[{"embeddable":true,"href":"https:\/\/elcafedepipa.com\/index.php\/wp-json\/wp\/v2\/comments?post=16462"}],"version-history":[{"count":2,"href":"https:\/\/elcafedepipa.com\/index.php\/wp-json\/wp\/v2\/posts\/16462\/revisions"}],"predecessor-version":[{"id":16467,"href":"https:\/\/elcafedepipa.com\/index.php\/wp-json\/wp\/v2\/posts\/16462\/revisions\/16467"}],"wp:featuredmedia":[{"embeddable":true,"href":"https:\/\/elcafedepipa.com\/index.php\/wp-json\/wp\/v2\/media\/16463"}],"wp:attachment":[{"href":"https:\/\/elcafedepipa.com\/index.php\/wp-json\/wp\/v2\/media?parent=16462"}],"wp:term":[{"taxonomy":"category","embeddable":true,"href":"https:\/\/elcafedepipa.com\/index.php\/wp-json\/wp\/v2\/categories?post=16462"},{"taxonomy":"post_tag","embeddable":true,"href":"https:\/\/elcafedepipa.com\/index.php\/wp-json\/wp\/v2\/tags?post=16462"}],"curies":[{"name":"wp","href":"https:\/\/api.w.org\/{rel}","templated":true}]}}