{"id":16447,"date":"2025-08-26T14:09:57","date_gmt":"2025-08-26T12:09:57","guid":{"rendered":"https:\/\/elcafedepipa.com\/?p=16447"},"modified":"2025-08-26T14:10:23","modified_gmt":"2025-08-26T12:10:23","slug":"compte-arrere-perque-ain-aculla-el-dia-de-la-provincia","status":"publish","type":"post","link":"https:\/\/elcafedepipa.com\/index.php\/2025\/08\/26\/compte-arrere-perque-ain-aculla-el-dia-de-la-provincia\/","title":{"rendered":"Compte arrere perqu\u00e8 A\u00edn aculla el Dia de la Prov\u00edncia"},"content":{"rendered":"\n<p>El divendres 26 de setembre, este xicotet municipi de la Plana Baixa ser\u00e0 l&#8217;escenari en el qual es desenvolupar\u00e0 la celebraci\u00f3 en la qual la instituci\u00f3 provincial far\u00e0 lliurament dels guardons que recauen en El Peri\u00f3dico Mediterr\u00e1neo, Kiko Garc\u00eda, Eloy Moreno, Juana Crespo i el Col\u00b7legi Oficial de Psicologia. \u201cEn tot just un mes, el xicotet municipi d&#8217;A\u00edn s&#8217;engalanar\u00e0 per a acollir un Dia de la Prov\u00edncia en el qual tornarem a posar en valor esta terra, la seua solidaritat, la seua innovaci\u00f3, l&#8217;esport i la cultura\u201d, ha expressat la presidenta de la Diputaci\u00f3, Marta Barrachina.<\/p>\n\n\n\n<p>El Dia de la Prov\u00edncia 2026 ser\u00e0 el segon que se celebrar\u00e0 de manera itinerant, seguint aix\u00ed amb el comprom\u00eds de la instituci\u00f3 provincial perqu\u00e8, igual que en el treball diari de la Diputaci\u00f3, siguen els pobles siguen els verdaders i grans protagonistes del Dia de la Prov\u00edncia.<\/p>\n\n\n\n<p>Aix\u00ed, el municipi d&#8217;A\u00edn arreplega el testimoni de T\u00edrig, localitat que l&#8217;any passat va acollir el Dia de la Prov\u00edncia, sent la primera edici\u00f3 en la qual esta celebraci\u00f3 es va dur a terme en l&#8217;ess\u00e8ncia de la prov\u00edncia, en els seus municipis. Quant al dia de celebraci\u00f3, respon a l&#8217;anunci que ja va realitzar l&#8217;any passat la presidenta de la Diputaci\u00f3 de traslladar la data al quart trimestre de l&#8217;any. Amb tot, el pr\u00f2xim&nbsp;26 de setembre, A\u00edn ser\u00e0 l&#8217;escenari que acollir\u00e0 l&#8217;acte de lliurament dels guardons.<\/p>\n\n\n\n<p>Un espai que acollir\u00e0 el reconeixement al Peri\u00f3dico Mediterr\u00e1neo amb l&#8217;Alta Distinci\u00f3, enaltint aix\u00ed els cent anys d&#8217;hist\u00f2ria de periodisme local.&nbsp;Des de la seua fundaci\u00f3 en 1925 com el Diari de Castell\u00f3, el&nbsp;Peri\u00f3dico Mediterr\u00e1neo&nbsp;s&#8217;ha consolidat com un referent en el periodisme local i, a trav\u00e9s de les seues p\u00e0gines, el seu equip redaccional ha relatat el dia a dia de la prov\u00edncia, sent testimoni directe dels fets i esdeveniments que han marcat la nostra hist\u00f2ria com a prov\u00edncia.<\/p>\n\n\n\n<p>Al costat de l&#8217;Alta Distinci\u00f3, el Dia de la Prov\u00edncia 2025 tamb\u00e9 atorgar\u00e0 M\u00e8rits. D&#8217;una banda, la Diputaci\u00f3 de Castell\u00f3 enaltir\u00e0 a&nbsp;Kiko&nbsp;Garc\u00eda&nbsp;com a figura clau en la projecci\u00f3 de La Volta amb la distinci\u00f3 al M\u00e8rit Esportiu. El&nbsp;burrianense que ve organitzant La Volta a Espanya des de l&#8217;any 2015 com a director t\u00e8cnic de la competici\u00f3.<\/p>\n\n\n\n<p>Amb el M\u00e8rit de les Arts, la Diputaci\u00f3 de Castell\u00f3 distingir\u00e0 a&nbsp;Eloy&nbsp;Moreno.&nbsp;La instituci\u00f3 provincial enaltir\u00e0 a l&#8217;escriptor castellonenc que des que publicara la seua primera novel\u00b7la \u2018El bol\u00edgrafo de gel verde\u2019, ha aconseguit ser autor s\u00faper vendes amb m\u00e9s de dos milions d&#8217;exemplars venuts, a m\u00e9s de portar a la pantalla l&#8217;adaptaci\u00f3 a s\u00e8rie del seu exit\u00f3s \u2018Invisible\u2019 i aconseguir batre el r\u00e8cord mundial de firmes.<\/p>\n\n\n\n<p>En l&#8217;apartat de la innovaci\u00f3, la Diputaci\u00f3 de Castell\u00f3 distingir\u00e0 a Juana Crespo. La instituci\u00f3 provincial far\u00e0 lliurament del M\u00e8rit a la Innovaci\u00f3 a la doctora, natural de Pen\u00edscola, que compta amb una extensa carrera en fertilitat i la seua experi\u00e8ncia resolent casos complexos li han convertit en tot un referent d&#8217;un model de medicina reproductiu \u00fanic i innovador.<\/p>\n\n\n\n<p>Aix\u00ed mateix, la Diputaci\u00f3&nbsp;far\u00e0 visible l&#8217;encomiable labor del Col\u00b7legi Oficial de Psicologia amb el M\u00e8rit Solidari en el Dia de la Prov\u00edncia. La instituci\u00f3 provincial reconeixer\u00e0 al col\u00b7legi de professionals que fa una tasca social encomiable, normalment silenciosa, quasi mai reconeguda i que sempre estan en els casos m\u00e9s urgents i necessaris.<\/p>\n\n\n\n<p>La instituci\u00f3 provincial encara el compte arrere perqu\u00e8 l&#8217;ess\u00e8ncia dels guardonats, de la Diputaci\u00f3 de Castell\u00f3 i del conjunt de la prov\u00edncia es donen cita el pr\u00f2xim 26 de setembre a A\u00edn, en una celebraci\u00f3 del Dia de la Prov\u00edncia pensada per i per al conjunt dels 135 municipis de Castell\u00f3.<\/p>\n","protected":false},"excerpt":{"rendered":"<p>El divendres 26 de setembre, este xicotet municipi de la Plana Baixa ser\u00e0 l&#8217;escenari en el qual es desenvolupar\u00e0 la celebraci\u00f3 en la qual la instituci\u00f3 provincial far\u00e0 lliurament dels guardons que recauen en El Peri\u00f3dico Mediterr\u00e1neo, Kiko Garc\u00eda, Eloy Moreno, Juana Crespo i el Col\u00b7legi Oficial de Psicologia. \u201cEn tot just un mes, el &#8230; <a title=\"Compte arrere perqu\u00e8 A\u00edn aculla el Dia de la Prov\u00edncia\" class=\"read-more\" href=\"https:\/\/elcafedepipa.com\/index.php\/2025\/08\/26\/compte-arrere-perque-ain-aculla-el-dia-de-la-provincia\/\" aria-label=\"M\u00e9s informaci\u00f3 sobre Compte arrere perqu\u00e8 A\u00edn aculla el Dia de la Prov\u00edncia\">Read more<\/a><\/p>\n","protected":false},"author":2,"featured_media":16448,"comment_status":"closed","ping_status":"closed","sticky":false,"template":"","format":"standard","meta":{"om_disable_all_campaigns":false,"_monsterinsights_skip_tracking":false,"_monsterinsights_sitenote_active":false,"_monsterinsights_sitenote_note":"","_monsterinsights_sitenote_category":0,"_uf_show_specific_survey":0,"_uf_disable_surveys":false,"footnotes":""},"categories":[10],"tags":[],"class_list":["post-16447","post","type-post","status-publish","format-standard","has-post-thumbnail","hentry","category-provinciadecastello"],"_links":{"self":[{"href":"https:\/\/elcafedepipa.com\/index.php\/wp-json\/wp\/v2\/posts\/16447","targetHints":{"allow":["GET"]}}],"collection":[{"href":"https:\/\/elcafedepipa.com\/index.php\/wp-json\/wp\/v2\/posts"}],"about":[{"href":"https:\/\/elcafedepipa.com\/index.php\/wp-json\/wp\/v2\/types\/post"}],"author":[{"embeddable":true,"href":"https:\/\/elcafedepipa.com\/index.php\/wp-json\/wp\/v2\/users\/2"}],"replies":[{"embeddable":true,"href":"https:\/\/elcafedepipa.com\/index.php\/wp-json\/wp\/v2\/comments?post=16447"}],"version-history":[{"count":1,"href":"https:\/\/elcafedepipa.com\/index.php\/wp-json\/wp\/v2\/posts\/16447\/revisions"}],"predecessor-version":[{"id":16449,"href":"https:\/\/elcafedepipa.com\/index.php\/wp-json\/wp\/v2\/posts\/16447\/revisions\/16449"}],"wp:featuredmedia":[{"embeddable":true,"href":"https:\/\/elcafedepipa.com\/index.php\/wp-json\/wp\/v2\/media\/16448"}],"wp:attachment":[{"href":"https:\/\/elcafedepipa.com\/index.php\/wp-json\/wp\/v2\/media?parent=16447"}],"wp:term":[{"taxonomy":"category","embeddable":true,"href":"https:\/\/elcafedepipa.com\/index.php\/wp-json\/wp\/v2\/categories?post=16447"},{"taxonomy":"post_tag","embeddable":true,"href":"https:\/\/elcafedepipa.com\/index.php\/wp-json\/wp\/v2\/tags?post=16447"}],"curies":[{"name":"wp","href":"https:\/\/api.w.org\/{rel}","templated":true}]}}