{"id":16444,"date":"2025-08-26T14:07:41","date_gmt":"2025-08-26T12:07:41","guid":{"rendered":"https:\/\/elcafedepipa.com\/?p=16444"},"modified":"2025-08-26T14:07:42","modified_gmt":"2025-08-26T12:07:42","slug":"el-pspv-psoe-acusa-marta-barrachina-dabaixar-les-persianes-per-vacances-mentre-la-plaga-de-mosquits-campa-al-seu-aire-per-la-costa","status":"publish","type":"post","link":"https:\/\/elcafedepipa.com\/index.php\/2025\/08\/26\/el-pspv-psoe-acusa-marta-barrachina-dabaixar-les-persianes-per-vacances-mentre-la-plaga-de-mosquits-campa-al-seu-aire-per-la-costa\/","title":{"rendered":"El PSPV-PSOE acusa Marta Barrachina \u201cd\u2019abaixar les persianes per vacances\u201d mentre la plaga de mosquits campa al seu aire per la costa"},"content":{"rendered":"\n<p><strong>Maria Jim\u00e9nez reclama intensificar les fumigacions peu de camp i critica que el PP no haja tingut previsi\u00f3 per a acotar un problema que es repeteix cada any i que desperta les cr\u00edtiques dels sectors tur\u00edstic i hostaler castellonenc<\/strong><br><br>El PSPV-PSOE de la Diputaci\u00f3 de Castell\u00f3 ha criticat aquest dimarts que l\u2019equip de govern de Marta Barrachina \u201chaja baixat les persianes per vacances\u201d sense haver deixat cap dispositiu extraordinari en marxa per a frenar la plaga de mosquits que assola el litoral provincial.<br><br>La diputada socialista Maria Jim\u00e9nez ha qualificat \u201cd\u2019imprud\u00e8ncia i irresponsabilitat\u201d que \u201cpoc o res s\u2019estiga fent per a atallar una problem\u00e0tica que es repeteix cada anys i que es presenta amb major cruesa en els mesos d\u2019estiu i tardor\u201d. Per a Jim\u00e9nez, \u201cl\u2019\u00fanica explicaci\u00f3 \u00e9s que als despatxos del govern no es planifica ni hi ha voluntat per a donar una soluci\u00f3\u201d, vist que les fumigacions es compten amb comptagotes i els tractaments aeris \u2014que tant defensava el PP en l\u2019anterior legislatura\u2014 han sigut m\u00ednims\u201d, ha remarcat. \u201cA banda d\u2019aix\u00f2, la coordinaci\u00f3 amb els ajuntaments brilla per la seua abs\u00e8ncia\u201d.<br><br>La representant orpesina ha assenyalat que \u201cles cr\u00edtiques de nord a sud de la prov\u00edncia no cessen, especialment des del sector tur\u00edstic i hostaler, que s\u2019ha vist obligat a buscar f\u00f3rmules perqu\u00e8 la clientela no acabe crivellada de picadures\u201d. En aquest sentit, ha lamentat que \u201cla Diputaci\u00f3 no haja sigut capa\u00e7 de donar una resposta efectiva a l\u2019allau de mol\u00e8sties\u201d i ha advertit que \u201caquest infern de mosquits va m\u00e9s enll\u00e0 de perjudicar la imatge tur\u00edstica de la prov\u00edncia, tamb\u00e9 representa un risc greu per a la qualitat de vida i la salut p\u00fablica\u201d.<br><br>En nom del grup socialista, Maria Jim\u00e9nez ha instat Marta Barrachina a \u201cintensificar les fumigacions i les actuacions a peu de camp per a controlar una plaga que, de repetir el patr\u00f3 dels \u00faltims anys, adquirir\u00e0 amb el final de l\u2019estiu i l\u2019entrada de la tardor proporcions preocupants\u201d.<\/p>\n\n\n\n<p><\/p>\n","protected":false},"excerpt":{"rendered":"<p>Maria Jim\u00e9nez reclama intensificar les fumigacions peu de camp i critica que el PP no haja tingut previsi\u00f3 per a acotar un problema que es repeteix cada any i que desperta les cr\u00edtiques dels sectors tur\u00edstic i hostaler castellonenc El PSPV-PSOE de la Diputaci\u00f3 de Castell\u00f3 ha criticat aquest dimarts que l\u2019equip de govern de &#8230; <a title=\"El PSPV-PSOE acusa Marta Barrachina \u201cd\u2019abaixar les persianes per vacances\u201d mentre la plaga de mosquits campa al seu aire per la costa\" class=\"read-more\" href=\"https:\/\/elcafedepipa.com\/index.php\/2025\/08\/26\/el-pspv-psoe-acusa-marta-barrachina-dabaixar-les-persianes-per-vacances-mentre-la-plaga-de-mosquits-campa-al-seu-aire-per-la-costa\/\" aria-label=\"M\u00e9s informaci\u00f3 sobre El PSPV-PSOE acusa Marta Barrachina \u201cd\u2019abaixar les persianes per vacances\u201d mentre la plaga de mosquits campa al seu aire per la costa\">Read more<\/a><\/p>\n","protected":false},"author":2,"featured_media":16445,"comment_status":"closed","ping_status":"closed","sticky":false,"template":"","format":"standard","meta":{"om_disable_all_campaigns":false,"_monsterinsights_skip_tracking":false,"_monsterinsights_sitenote_active":false,"_monsterinsights_sitenote_note":"","_monsterinsights_sitenote_category":0,"_uf_show_specific_survey":0,"_uf_disable_surveys":false,"footnotes":""},"categories":[10],"tags":[],"class_list":["post-16444","post","type-post","status-publish","format-standard","has-post-thumbnail","hentry","category-provinciadecastello"],"_links":{"self":[{"href":"https:\/\/elcafedepipa.com\/index.php\/wp-json\/wp\/v2\/posts\/16444","targetHints":{"allow":["GET"]}}],"collection":[{"href":"https:\/\/elcafedepipa.com\/index.php\/wp-json\/wp\/v2\/posts"}],"about":[{"href":"https:\/\/elcafedepipa.com\/index.php\/wp-json\/wp\/v2\/types\/post"}],"author":[{"embeddable":true,"href":"https:\/\/elcafedepipa.com\/index.php\/wp-json\/wp\/v2\/users\/2"}],"replies":[{"embeddable":true,"href":"https:\/\/elcafedepipa.com\/index.php\/wp-json\/wp\/v2\/comments?post=16444"}],"version-history":[{"count":1,"href":"https:\/\/elcafedepipa.com\/index.php\/wp-json\/wp\/v2\/posts\/16444\/revisions"}],"predecessor-version":[{"id":16446,"href":"https:\/\/elcafedepipa.com\/index.php\/wp-json\/wp\/v2\/posts\/16444\/revisions\/16446"}],"wp:featuredmedia":[{"embeddable":true,"href":"https:\/\/elcafedepipa.com\/index.php\/wp-json\/wp\/v2\/media\/16445"}],"wp:attachment":[{"href":"https:\/\/elcafedepipa.com\/index.php\/wp-json\/wp\/v2\/media?parent=16444"}],"wp:term":[{"taxonomy":"category","embeddable":true,"href":"https:\/\/elcafedepipa.com\/index.php\/wp-json\/wp\/v2\/categories?post=16444"},{"taxonomy":"post_tag","embeddable":true,"href":"https:\/\/elcafedepipa.com\/index.php\/wp-json\/wp\/v2\/tags?post=16444"}],"curies":[{"name":"wp","href":"https:\/\/api.w.org\/{rel}","templated":true}]}}