{"id":16441,"date":"2025-08-26T14:05:12","date_gmt":"2025-08-26T12:05:12","guid":{"rendered":"https:\/\/elcafedepipa.com\/?p=16441"},"modified":"2025-08-26T14:05:13","modified_gmt":"2025-08-26T12:05:13","slug":"nules-reparteix-milers-de-gots-per-a-promocionar-les-seues-festes","status":"publish","type":"post","link":"https:\/\/elcafedepipa.com\/index.php\/2025\/08\/26\/nules-reparteix-milers-de-gots-per-a-promocionar-les-seues-festes\/","title":{"rendered":"Nules reparteix milers de gots per a promocionar les seues festes"},"content":{"rendered":"\n<p><strong>Aquesta nova iniciativa ha tingut molt bona acollida entre tot el ve\u00efnat<\/strong><\/p>\n\n\n\n<p>Nules compta aquestes festes patronals amb els seus gots representatius, una nova iniciativa de la regidoria de Festes amb la qual \u00e9s vol promocionar l\u2019ess\u00e8ncia de les seues festes.<\/p>\n\n\n\n<p>De fet, aquesta idea ha tingut molt bona acollida entre la ciutadania que llueix ja aquest got en els diferents actes festius. En concret, s\u2019han repartit milers de gots, donat que des de la regidoria de Festes s\u2019han fet fins un total de 5.000 unitats.<\/p>\n\n\n\n<p>Aix\u00ed, la Reina de la Vila, Laura G\u00f3mez, i les dames&nbsp; Ioana Rodr\u00edguez, dama de la Caixa Rural, i Noelia Gonz\u00e1lez, dama del raval de Sant Xotxim juntament amb la regidora de Festes, Blanca Silvestre, han estat les encarregades de repartit, abans de l\u2019inici de les festes, aquests gots, encara que es poden seguir recollint a les casetes del <em>Mes\u00f3n de la Tapa<\/em> fins a esgotar exist\u00e8ncies.<\/p>\n\n\n\n<p>Des de la Regidoria de Festes de l\u2019Ajuntament de Nules, Blanca Silvestre, assenyala que \u201caquest got representa l\u2019ess\u00e8ncia del nostre poble, i porta grafiats els principals elements de les tradicions i cultura locals tant patrimonials com festius\u201d.<\/p>\n\n\n\n<p>De manera que, aquests gots se sumen a la campanya \u201cNules batega\u201d, una marca que engloba les diferents particularitats de Nules a l\u2019hora de viure les festes.<\/p>\n","protected":false},"excerpt":{"rendered":"<p>Aquesta nova iniciativa ha tingut molt bona acollida entre tot el ve\u00efnat Nules compta aquestes festes patronals amb els seus gots representatius, una nova iniciativa de la regidoria de Festes amb la qual \u00e9s vol promocionar l\u2019ess\u00e8ncia de les seues festes. De fet, aquesta idea ha tingut molt bona acollida entre la ciutadania que llueix &#8230; <a title=\"Nules reparteix milers de gots per a promocionar les seues festes\" class=\"read-more\" href=\"https:\/\/elcafedepipa.com\/index.php\/2025\/08\/26\/nules-reparteix-milers-de-gots-per-a-promocionar-les-seues-festes\/\" aria-label=\"M\u00e9s informaci\u00f3 sobre Nules reparteix milers de gots per a promocionar les seues festes\">Read more<\/a><\/p>\n","protected":false},"author":2,"featured_media":16442,"comment_status":"closed","ping_status":"closed","sticky":false,"template":"","format":"standard","meta":{"om_disable_all_campaigns":false,"_monsterinsights_skip_tracking":false,"_monsterinsights_sitenote_active":false,"_monsterinsights_sitenote_note":"","_monsterinsights_sitenote_category":0,"_uf_show_specific_survey":0,"_uf_disable_surveys":false,"footnotes":""},"categories":[3],"tags":[],"class_list":["post-16441","post","type-post","status-publish","format-standard","has-post-thumbnail","hentry","category-nules"],"_links":{"self":[{"href":"https:\/\/elcafedepipa.com\/index.php\/wp-json\/wp\/v2\/posts\/16441","targetHints":{"allow":["GET"]}}],"collection":[{"href":"https:\/\/elcafedepipa.com\/index.php\/wp-json\/wp\/v2\/posts"}],"about":[{"href":"https:\/\/elcafedepipa.com\/index.php\/wp-json\/wp\/v2\/types\/post"}],"author":[{"embeddable":true,"href":"https:\/\/elcafedepipa.com\/index.php\/wp-json\/wp\/v2\/users\/2"}],"replies":[{"embeddable":true,"href":"https:\/\/elcafedepipa.com\/index.php\/wp-json\/wp\/v2\/comments?post=16441"}],"version-history":[{"count":1,"href":"https:\/\/elcafedepipa.com\/index.php\/wp-json\/wp\/v2\/posts\/16441\/revisions"}],"predecessor-version":[{"id":16443,"href":"https:\/\/elcafedepipa.com\/index.php\/wp-json\/wp\/v2\/posts\/16441\/revisions\/16443"}],"wp:featuredmedia":[{"embeddable":true,"href":"https:\/\/elcafedepipa.com\/index.php\/wp-json\/wp\/v2\/media\/16442"}],"wp:attachment":[{"href":"https:\/\/elcafedepipa.com\/index.php\/wp-json\/wp\/v2\/media?parent=16441"}],"wp:term":[{"taxonomy":"category","embeddable":true,"href":"https:\/\/elcafedepipa.com\/index.php\/wp-json\/wp\/v2\/categories?post=16441"},{"taxonomy":"post_tag","embeddable":true,"href":"https:\/\/elcafedepipa.com\/index.php\/wp-json\/wp\/v2\/tags?post=16441"}],"curies":[{"name":"wp","href":"https:\/\/api.w.org\/{rel}","templated":true}]}}