{"id":16438,"date":"2025-08-26T14:02:20","date_gmt":"2025-08-26T12:02:20","guid":{"rendered":"https:\/\/elcafedepipa.com\/?p=16438"},"modified":"2025-08-26T14:02:22","modified_gmt":"2025-08-26T12:02:22","slug":"la-unio-denuncia-que-la-generalitat-mante-en-loblit-la-partida-de-142-milions-deuros-dels-pressupostos-2025-per-a-promocio-de-citrics","status":"publish","type":"post","link":"https:\/\/elcafedepipa.com\/index.php\/2025\/08\/26\/la-unio-denuncia-que-la-generalitat-mante-en-loblit-la-partida-de-142-milions-deuros-dels-pressupostos-2025-per-a-promocio-de-citrics\/","title":{"rendered":"LA UNI\u00d3 denuncia que la Generalitat mant\u00e9 en l&#8217;oblit la partida de 1,42 milions d&#8217;euros dels pressupostos 2025 per a promoci\u00f3 de c\u00edtrics"},"content":{"rendered":"\n<p><strong>L&#8217;organitzaci\u00f3 reclama que es compte amb el sector a l&#8217;hora de la definici\u00f3 de les campanyes i que es canalitzen les accions promocionals a trav\u00e9s de la IGP C\u00edtrics Valencians<\/strong><\/p>\n\n\n\n<p>26 d\u2019agost de 2025.- La Uni\u00f3 Llauradora denuncia que la Conselleria d&#8217;Agricultura continua sense donar explicacions sobre la partida de 1,42 milions d&#8217;euros prevista inicialment per a publicitat i promoci\u00f3 de c\u00edtrics, incorporada en els pressupostos de la Generalitat de 2025 i incrementada a trav\u00e9s d&#8217;una esmena del propi Grup Popular en les Corts.<\/p>\n\n\n\n<p>En aquest sentit, l&#8217;organitzaci\u00f3 critica la falta de transpar\u00e8ncia de l&#8217;organisme agrari de la Generalitat en la gesti\u00f3 de la partida de 1,42 milions d&#8217;euros per a publicitat i promoci\u00f3 prevista en els pressupostos de la Generalitat d&#8217;enguany, de la que no es coneix ni dest\u00ed ni execuci\u00f3.<\/p>\n\n\n\n<p>LA UNI\u00d3 reclama per tant que aquests diners es destine a campanyes reals de promoci\u00f3 dels c\u00edtrics valencians i es gestione a trav\u00e9s de la IGP C\u00edtrics Valencians, \u00fanica garantia d&#8217;origen valenci\u00e0 i de qualitat dels nostres c\u00edtrics.<\/p>\n\n\n\n<p>Tota aquesta situaci\u00f3 coincideix en el temps amb la greu situaci\u00f3 de retroc\u00e9s en el consum de c\u00edtrics i la p\u00e8rdua de quota enfront d&#8217;altres fruites. Segons dades oficials del Ministeri d&#8217;Agricultura i del Panell de Consum en Llars, el consum de taronja a Espanya va caure en 2024 un 9,4% en volum i un 8,1% en despesa per c\u00e0pita, situant-se en nom\u00e9s 10,62 kg per persona i any. Aquesta caiguda s&#8217;agreuja si es compara amb la mitjana de 2019-2024, on la p\u00e8rdua ja \u00e9s superior al 22%. Per contra, les mandarines han crescut en consum (+14,4% respecte 2023 i +8,5% en la campanya 24\/25).<\/p>\n\n\n\n<p>Tot aix\u00f2 confirma una tend\u00e8ncia preocupant i \u00e9s la que la taronja, s\u00edmbol del camp valenci\u00e0, est\u00e0 perdent quota de mercat i protagonisme en la dieta de les fam\u00edlies espanyoles. Bona part dels experts coincideixen que la manca de campanyes promocionals ha sigut clau en aquesta caiguda al costat de la compet\u00e8ncia d&#8217;una altra mena de fruites i productes llestos per a menjar que realitzen campanyes importants de m\u00e0rqueting.<\/p>\n\n\n\n<p>LA UNI\u00d3 aposta per accions concretes com s\u00f3n campanyes estatals i auton\u00f2miques de consum, programes escolars i major pres\u00e8ncia dels c\u00edtrics valencians en la restauraci\u00f3 i els punts de distribuci\u00f3.<\/p>\n\n\n\n<p>El secretari general de LA UNI\u00d3, Carles Peris, assenyala que \u00e9s incomprensible que \u201cla Generalitat dispose de m\u00e9s d&#8217;un mili\u00f3 d&#8217;euros per a promoci\u00f3 i no s\u00e0pia explicar a qu\u00e8 es destinar\u00e0. Sense garantir l&#8217;origen, qualsevol campanya \u00e9s un malbaratament. Demanem transpar\u00e8ncia i que el sector participe directament a trav\u00e9s de la IGP C\u00edtrics Valencians\u201d.<\/p>\n\n\n\n<p>Peris creu que \u201cels responsables de Conselleria haurien de ser transparents i rendir comptes sobre aquesta partida pressupost\u00e0ria\u201d i que \u201ccompten amb el sector a l&#8217;hora de la definici\u00f3 de les campanyes canalitzant les accions promocionals a trav\u00e9s de la IGP C\u00edtrics Valencians, el nostre segell de qualitat pel qual hem d&#8217;apostar\u201d.<\/p>\n\n\n\n<p>El secretari general de LA UNI\u00d3 indica que \u201c\u00e9s important que es consoliden les campanyes de promoci\u00f3 dels nostres productes en els mercats de proximitat i una inversi\u00f3 amb fons propis \u00e9s aix\u00ed mateix essencial per a millorar la situaci\u00f3 d&#8217;un sector tan identitari per als valencians com els c\u00edtrics\u201d.<\/p>\n\n\n\n<p>El consum de c\u00edtrics aporta nombrosos beneficis per a la salut gr\u00e0cies a la seua riquesa en vitamines, minerals, fibra i compostos bioactius. Entre ells suposen un refor\u00e7 del sistema immunitari, el seu poder antioxidant, les seues millores per a la salut cardiovascular i fins i tot per al control del pes i la sacietat.<\/p>\n","protected":false},"excerpt":{"rendered":"<p>L&#8217;organitzaci\u00f3 reclama que es compte amb el sector a l&#8217;hora de la definici\u00f3 de les campanyes i que es canalitzen les accions promocionals a trav\u00e9s de la IGP C\u00edtrics Valencians 26 d\u2019agost de 2025.- La Uni\u00f3 Llauradora denuncia que la Conselleria d&#8217;Agricultura continua sense donar explicacions sobre la partida de 1,42 milions d&#8217;euros prevista inicialment &#8230; <a title=\"LA UNI\u00d3 denuncia que la Generalitat mant\u00e9 en l&#8217;oblit la partida de 1,42 milions d&#8217;euros dels pressupostos 2025 per a promoci\u00f3 de c\u00edtrics\" class=\"read-more\" href=\"https:\/\/elcafedepipa.com\/index.php\/2025\/08\/26\/la-unio-denuncia-que-la-generalitat-mante-en-loblit-la-partida-de-142-milions-deuros-dels-pressupostos-2025-per-a-promocio-de-citrics\/\" aria-label=\"M\u00e9s informaci\u00f3 sobre LA UNI\u00d3 denuncia que la Generalitat mant\u00e9 en l&#8217;oblit la partida de 1,42 milions d&#8217;euros dels pressupostos 2025 per a promoci\u00f3 de c\u00edtrics\">Read more<\/a><\/p>\n","protected":false},"author":2,"featured_media":16439,"comment_status":"closed","ping_status":"closed","sticky":false,"template":"","format":"standard","meta":{"om_disable_all_campaigns":false,"_monsterinsights_skip_tracking":false,"_monsterinsights_sitenote_active":false,"_monsterinsights_sitenote_note":"","_monsterinsights_sitenote_category":0,"_uf_show_specific_survey":0,"_uf_disable_surveys":false,"footnotes":""},"categories":[1],"tags":[],"class_list":["post-16438","post","type-post","status-publish","format-standard","has-post-thumbnail","hentry","category-non-classe"],"_links":{"self":[{"href":"https:\/\/elcafedepipa.com\/index.php\/wp-json\/wp\/v2\/posts\/16438","targetHints":{"allow":["GET"]}}],"collection":[{"href":"https:\/\/elcafedepipa.com\/index.php\/wp-json\/wp\/v2\/posts"}],"about":[{"href":"https:\/\/elcafedepipa.com\/index.php\/wp-json\/wp\/v2\/types\/post"}],"author":[{"embeddable":true,"href":"https:\/\/elcafedepipa.com\/index.php\/wp-json\/wp\/v2\/users\/2"}],"replies":[{"embeddable":true,"href":"https:\/\/elcafedepipa.com\/index.php\/wp-json\/wp\/v2\/comments?post=16438"}],"version-history":[{"count":1,"href":"https:\/\/elcafedepipa.com\/index.php\/wp-json\/wp\/v2\/posts\/16438\/revisions"}],"predecessor-version":[{"id":16440,"href":"https:\/\/elcafedepipa.com\/index.php\/wp-json\/wp\/v2\/posts\/16438\/revisions\/16440"}],"wp:featuredmedia":[{"embeddable":true,"href":"https:\/\/elcafedepipa.com\/index.php\/wp-json\/wp\/v2\/media\/16439"}],"wp:attachment":[{"href":"https:\/\/elcafedepipa.com\/index.php\/wp-json\/wp\/v2\/media?parent=16438"}],"wp:term":[{"taxonomy":"category","embeddable":true,"href":"https:\/\/elcafedepipa.com\/index.php\/wp-json\/wp\/v2\/categories?post=16438"},{"taxonomy":"post_tag","embeddable":true,"href":"https:\/\/elcafedepipa.com\/index.php\/wp-json\/wp\/v2\/tags?post=16438"}],"curies":[{"name":"wp","href":"https:\/\/api.w.org\/{rel}","templated":true}]}}