{"id":16435,"date":"2025-08-26T13:57:12","date_gmt":"2025-08-26T11:57:12","guid":{"rendered":"https:\/\/elcafedepipa.com\/?p=16435"},"modified":"2025-08-26T13:57:13","modified_gmt":"2025-08-26T11:57:13","slug":"moncofa-corona-agost-amb-un-concert-tribut-a-queen","status":"publish","type":"post","link":"https:\/\/elcafedepipa.com\/index.php\/2025\/08\/26\/moncofa-corona-agost-amb-un-concert-tribut-a-queen\/","title":{"rendered":"Moncofa corona agost amb un concert tribut a Queen"},"content":{"rendered":"\n<p><strong>Forma part del festival Moncofa al Carrer que se celebra del 24 al 30 d&#8217;agost<\/strong><\/p>\n\n\n\n<p>La cirereta del past\u00eds cultural del mes d&#8217;agost a Moncofa es posa amb les m\u00edtiques i inoblidables can\u00e7ons del grup brit\u00e0nic Queen. La veu de Freddie Mercury o les melodies de Brian May tornaran a sonar a Moncofa per\u00f2 de manera diferent i trencadora. El tribut a Queen ser\u00e0 a c\u00e0rrec de la SUM Moncofa amb el grup Fat Bottomed Boys.<\/p>\n\n\n\n<p>L\u00b4espectacle gratu\u00eft es dur\u00e0 a terme a la pla\u00e7a Na Violant d\u00b4Hongria el dissabte 30 d\u00b4agost a les 23h. El concert posa en valor el talent musical local, dels i les integrants de la banda de m\u00fasica local i la professionalitat amb qu\u00e8 assagen per a la gran nit.<\/p>\n\n\n\n<p>Aquesta actuaci\u00f3 est\u00e0 emmarcada en la posada en marxa del festival d&#8217;art Moncofa al Carrer, que uneix en una setmana espectacles de teatre i circ juntament amb passades cinematogr\u00e0fiques entre el 24 i el 30 d&#8217;agost.<\/p>\n\n\n\n<p>Per al concert, &#8220;habilitarem m\u00e9s de tres mil cadires per al p\u00fablic. \u00c9s un espectacle poder comptar amb una banda de m\u00fasica tan implicada en l&#8217;oferta cultural del poble i amb un talent musical a l&#8217;abast de molt poques. El privilegi de poder organitzar aquests actes suma qualitat i prestigi a la programaci\u00f3 cultural que a Moncofa som capa\u00e7os de crear per als que ens visiten com per als ve\u00efns i les ve\u00efnes\u201d ha comentat la regidora Il\u00e8nia Begnozzi.<\/p>\n\n\n\n<p>Himnes com &#8216;Bohemian Rhapsody&#8217;, &#8216;I want to break free&#8217;, &#8216;Don&#8217;t stop me now&#8217; o &#8216;We will rock you&#8217; tornaran a sonar per retrocedir d\u00e8cades enrere, quan la banda era una de les l\u00edders de la m\u00fasica pop mundial. Bandes sonores amb qu\u00e8 es reconeixer\u00e0 l&#8217;estela musical d&#8217;un dels grups m\u00e9s importants del segle XX.<\/p>\n","protected":false},"excerpt":{"rendered":"<p>Forma part del festival Moncofa al Carrer que se celebra del 24 al 30 d&#8217;agost La cirereta del past\u00eds cultural del mes d&#8217;agost a Moncofa es posa amb les m\u00edtiques i inoblidables can\u00e7ons del grup brit\u00e0nic Queen. La veu de Freddie Mercury o les melodies de Brian May tornaran a sonar a Moncofa per\u00f2 de &#8230; <a title=\"Moncofa corona agost amb un concert tribut a Queen\" class=\"read-more\" href=\"https:\/\/elcafedepipa.com\/index.php\/2025\/08\/26\/moncofa-corona-agost-amb-un-concert-tribut-a-queen\/\" aria-label=\"M\u00e9s informaci\u00f3 sobre Moncofa corona agost amb un concert tribut a Queen\">Read more<\/a><\/p>\n","protected":false},"author":2,"featured_media":16436,"comment_status":"closed","ping_status":"closed","sticky":false,"template":"","format":"standard","meta":{"om_disable_all_campaigns":false,"_monsterinsights_skip_tracking":false,"_monsterinsights_sitenote_active":false,"_monsterinsights_sitenote_note":"","_monsterinsights_sitenote_category":0,"_uf_show_specific_survey":0,"_uf_disable_surveys":false,"footnotes":""},"categories":[4],"tags":[],"class_list":["post-16435","post","type-post","status-publish","format-standard","has-post-thumbnail","hentry","category-moncofa"],"_links":{"self":[{"href":"https:\/\/elcafedepipa.com\/index.php\/wp-json\/wp\/v2\/posts\/16435","targetHints":{"allow":["GET"]}}],"collection":[{"href":"https:\/\/elcafedepipa.com\/index.php\/wp-json\/wp\/v2\/posts"}],"about":[{"href":"https:\/\/elcafedepipa.com\/index.php\/wp-json\/wp\/v2\/types\/post"}],"author":[{"embeddable":true,"href":"https:\/\/elcafedepipa.com\/index.php\/wp-json\/wp\/v2\/users\/2"}],"replies":[{"embeddable":true,"href":"https:\/\/elcafedepipa.com\/index.php\/wp-json\/wp\/v2\/comments?post=16435"}],"version-history":[{"count":1,"href":"https:\/\/elcafedepipa.com\/index.php\/wp-json\/wp\/v2\/posts\/16435\/revisions"}],"predecessor-version":[{"id":16437,"href":"https:\/\/elcafedepipa.com\/index.php\/wp-json\/wp\/v2\/posts\/16435\/revisions\/16437"}],"wp:featuredmedia":[{"embeddable":true,"href":"https:\/\/elcafedepipa.com\/index.php\/wp-json\/wp\/v2\/media\/16436"}],"wp:attachment":[{"href":"https:\/\/elcafedepipa.com\/index.php\/wp-json\/wp\/v2\/media?parent=16435"}],"wp:term":[{"taxonomy":"category","embeddable":true,"href":"https:\/\/elcafedepipa.com\/index.php\/wp-json\/wp\/v2\/categories?post=16435"},{"taxonomy":"post_tag","embeddable":true,"href":"https:\/\/elcafedepipa.com\/index.php\/wp-json\/wp\/v2\/tags?post=16435"}],"curies":[{"name":"wp","href":"https:\/\/api.w.org\/{rel}","templated":true}]}}