{"id":16423,"date":"2025-08-19T18:51:06","date_gmt":"2025-08-19T16:51:06","guid":{"rendered":"https:\/\/elcafedepipa.com\/?p=16423"},"modified":"2025-08-19T18:51:07","modified_gmt":"2025-08-19T16:51:07","slug":"coneixent-castello-sud-arriba-a-xilxes-amb-una-nova-visita-guiada-per-a-descobrir-la-seua-historia-i-patrimoni","status":"publish","type":"post","link":"https:\/\/elcafedepipa.com\/index.php\/2025\/08\/19\/coneixent-castello-sud-arriba-a-xilxes-amb-una-nova-visita-guiada-per-a-descobrir-la-seua-historia-i-patrimoni\/","title":{"rendered":"Coneixent Castell\u00f3 Sud arriba a Xilxes amb una nova visita guiada per a descobrir la seua hist\u00f2ria i patrimoni"},"content":{"rendered":"\n<p>Dissabte  6 de setembre a les 18.00 h, el programa Coneixent Castell\u00f3 Sud far\u00e0 parada a Xilxes amb una visita guiada que convida a ve\u00efns i visitants a descobrir les curiositats, la hist\u00f2ria i els racons m\u00e9s emblem\u00e0tics del municipi.<\/p>\n\n\n\n<p>El punt de trobada ser\u00e0 la Pla\u00e7a d&#8217;Espanya, des d&#8217;on partir\u00e0 un recorregut d&#8217;aproximadament hora i mitja de duraci\u00f3 i baixa dificultat, pensat per a tots els p\u00fablics. Durant la visita es recorreran els carrers del centre hist\u00f2ric, es coneixer\u00e0 l&#8217;esgl\u00e9sia, la Font de la Uni\u00f3 i la necr\u00f2poli romana, entre altres llocs destacats.<\/p>\n\n\n\n<p>Per a gaudir plenament de l&#8217;experi\u00e8ncia, es recomana portar roba i cal\u00e7at c\u00f2modes, aix\u00ed com aigua per a mantindre&#8217;s hidratat.<\/p>\n\n\n\n<p><strong>Places limitades i reserva pr\u00e8via<\/strong><\/p>\n\n\n\n<p>L&#8217;activitat \u00e9s gratu\u00efta, per\u00f2 les places s\u00f3n limitades, per la qual cosa \u00e9s necessari reservar pr\u00e8viament a trav\u00e9s d&#8217;un  formulari o escrivint a empreses@activemlaplanabaixa.es. Tamb\u00e9 es pot obtindre m\u00e9s informaci\u00f3 a trav\u00e9s del tel\u00e8fon i WhatsApp 697 507 030.<\/p>\n\n\n\n<p><strong>Un cicle per a redescobrir Castell\u00f3 Sud<\/strong><\/p>\n\n\n\n<p>En 2025, Coneixent Castell\u00f3 Sud ja ha passat per Eslida i Nules, oferint als participants una forma \u00fanica de con\u00e9ixer el patrimoni, les curiositats i la identitat de cada localitat. Despr\u00e9s d&#8217;aquesta cita a Xilxes, el cicle continuar\u00e0 a La Llosa el 4 d&#8217;octubre a les 10.00 h i finalitzar\u00e0 l&#8217;any a la Vall d&#8217;Uix\u00f3 el 13 de desembre a les 10.00 h.<\/p>\n\n\n\n<p><strong>Un programa per a sentir el territori<\/strong><\/p>\n\n\n\n<p>El cicle Coneixent Castell\u00f3 Sud, impulsat pel Consorci Gestor del Pacte Territorial per l&#8217;Ocupaci\u00f3 de la Plana Baixa, t\u00e9 com a objectiu acostar a la ciutadania la riquesa cultural, patrimonial i social dels deu municipis que integren la destinaci\u00f3 tur\u00edstica Castell\u00f3 Sud. Cada visita es converteix en una experi\u00e8ncia \u00fanica que fomenta l&#8217;orgull pel territori i enforteix el turisme de proximitat.<\/p>\n\n\n\n<p><\/p>\n","protected":false},"excerpt":{"rendered":"<p>Dissabte 6 de setembre a les 18.00 h, el programa Coneixent Castell\u00f3 Sud far\u00e0 parada a Xilxes amb una visita guiada que convida a ve\u00efns i visitants a descobrir les curiositats, la hist\u00f2ria i els racons m\u00e9s emblem\u00e0tics del municipi. El punt de trobada ser\u00e0 la Pla\u00e7a d&#8217;Espanya, des d&#8217;on partir\u00e0 un recorregut d&#8217;aproximadament hora &#8230; <a title=\"Coneixent Castell\u00f3 Sud arriba a Xilxes amb una nova visita guiada per a descobrir la seua hist\u00f2ria i patrimoni\" class=\"read-more\" href=\"https:\/\/elcafedepipa.com\/index.php\/2025\/08\/19\/coneixent-castello-sud-arriba-a-xilxes-amb-una-nova-visita-guiada-per-a-descobrir-la-seua-historia-i-patrimoni\/\" aria-label=\"M\u00e9s informaci\u00f3 sobre Coneixent Castell\u00f3 Sud arriba a Xilxes amb una nova visita guiada per a descobrir la seua hist\u00f2ria i patrimoni\">Read more<\/a><\/p>\n","protected":false},"author":2,"featured_media":16424,"comment_status":"closed","ping_status":"closed","sticky":false,"template":"","format":"standard","meta":{"om_disable_all_campaigns":false,"_monsterinsights_skip_tracking":false,"_monsterinsights_sitenote_active":false,"_monsterinsights_sitenote_note":"","_monsterinsights_sitenote_category":0,"_uf_show_specific_survey":0,"_uf_disable_surveys":false,"footnotes":""},"categories":[6],"tags":[],"class_list":["post-16423","post","type-post","status-publish","format-standard","has-post-thumbnail","hentry","category-xilxes"],"_links":{"self":[{"href":"https:\/\/elcafedepipa.com\/index.php\/wp-json\/wp\/v2\/posts\/16423","targetHints":{"allow":["GET"]}}],"collection":[{"href":"https:\/\/elcafedepipa.com\/index.php\/wp-json\/wp\/v2\/posts"}],"about":[{"href":"https:\/\/elcafedepipa.com\/index.php\/wp-json\/wp\/v2\/types\/post"}],"author":[{"embeddable":true,"href":"https:\/\/elcafedepipa.com\/index.php\/wp-json\/wp\/v2\/users\/2"}],"replies":[{"embeddable":true,"href":"https:\/\/elcafedepipa.com\/index.php\/wp-json\/wp\/v2\/comments?post=16423"}],"version-history":[{"count":1,"href":"https:\/\/elcafedepipa.com\/index.php\/wp-json\/wp\/v2\/posts\/16423\/revisions"}],"predecessor-version":[{"id":16425,"href":"https:\/\/elcafedepipa.com\/index.php\/wp-json\/wp\/v2\/posts\/16423\/revisions\/16425"}],"wp:featuredmedia":[{"embeddable":true,"href":"https:\/\/elcafedepipa.com\/index.php\/wp-json\/wp\/v2\/media\/16424"}],"wp:attachment":[{"href":"https:\/\/elcafedepipa.com\/index.php\/wp-json\/wp\/v2\/media?parent=16423"}],"wp:term":[{"taxonomy":"category","embeddable":true,"href":"https:\/\/elcafedepipa.com\/index.php\/wp-json\/wp\/v2\/categories?post=16423"},{"taxonomy":"post_tag","embeddable":true,"href":"https:\/\/elcafedepipa.com\/index.php\/wp-json\/wp\/v2\/tags?post=16423"}],"curies":[{"name":"wp","href":"https:\/\/api.w.org\/{rel}","templated":true}]}}