{"id":16418,"date":"2025-08-19T18:44:33","date_gmt":"2025-08-19T16:44:33","guid":{"rendered":"https:\/\/elcafedepipa.com\/?p=16418"},"modified":"2025-08-19T18:45:45","modified_gmt":"2025-08-19T16:45:45","slug":"la-guardia-civil-ha-detingut-el-presumpte-autor-dun-robatori-de-joies-a-la-vall-duixo","status":"publish","type":"post","link":"https:\/\/elcafedepipa.com\/index.php\/2025\/08\/19\/la-guardia-civil-ha-detingut-el-presumpte-autor-dun-robatori-de-joies-a-la-vall-duixo\/","title":{"rendered":"La Gu\u00e0rdia Civil ha detingut el presumpte autor d&#8217;un robatori de joies a la Vall d\u2019Uix\u00f2"},"content":{"rendered":"\n<p><strong>Les peces recuperades pertanyien a una dona que no s&#8217;hi havia adonat encara de la manca de les mateixes<\/strong><\/p>\n\n\n\n<p>La Gu\u00e0rdia Civil ha detingut un home com a presumpte autor d&#8217;un delicte de robatori amb for\u00e7a i dos delictes lleus d&#8217;estafa despr\u00e9s de sostreure joies en un habitatge i posteriorment vendre-les en un comer\u00e7 de compravenda d&#8217;or.<br>La investigaci\u00f3 es va iniciar arran que els agents sospitaren que algunes de les joies venudes a un establiment de compra venda d&#8217;or a la localitat de la Vall d\u2019Uix\u00f3 podrien procedir d\u2019il\u00b7l\u00edcits penals ocorreguts amb anterioritat.<\/p>\n\n\n\n<p>Per aquest motiu, els investigadors van estudiar minuciosament les joies, aix\u00ed com els detalls dels robatoris comesos en les darreres dates, no obtenint coincid\u00e8ncies, resultant que les peces recuperades de l&#8217;establiment comercial pertanyien a una dona que no s&#8217;hi havia adonat encara de la manca de les mateixes.<\/p>\n\n\n\n<p>Un cop recollides les indagacions necess\u00e0ries, van procedir a detenci\u00f3 de l&#8217;implicat, un home de 39 anys a qui se li atribueix un total de tres delictes contra el patrimoni, un robatori amb for\u00e7a a l&#8217;interior d&#8217;habitatge i dos delictes d&#8217;estafa per vendre aquestes joies mitjan\u00e7ant engany al responsable del negoci.<\/p>\n\n\n\n<p>L&#8217;actuaci\u00f3 ha estat realitzada per components del Lloc Principal de la Gu\u00e0rdia Civil de la Vall d\u2019Uix\u00f2. Les dilig\u00e8ncies instru\u00efdes han estat remeses al jutjat d&#8217;instrucci\u00f3 n\u00ba6 de Nules.<\/p>\n","protected":false},"excerpt":{"rendered":"<p>Les peces recuperades pertanyien a una dona que no s&#8217;hi havia adonat encara de la manca de les mateixes La Gu\u00e0rdia Civil ha detingut un home com a presumpte autor d&#8217;un delicte de robatori amb for\u00e7a i dos delictes lleus d&#8217;estafa despr\u00e9s de sostreure joies en un habitatge i posteriorment vendre-les en un comer\u00e7 de &#8230; <a title=\"La Gu\u00e0rdia Civil ha detingut el presumpte autor d&#8217;un robatori de joies a la Vall d\u2019Uix\u00f2\" class=\"read-more\" href=\"https:\/\/elcafedepipa.com\/index.php\/2025\/08\/19\/la-guardia-civil-ha-detingut-el-presumpte-autor-dun-robatori-de-joies-a-la-vall-duixo\/\" aria-label=\"M\u00e9s informaci\u00f3 sobre La Gu\u00e0rdia Civil ha detingut el presumpte autor d&#8217;un robatori de joies a la Vall d\u2019Uix\u00f2\">Read more<\/a><\/p>\n","protected":false},"author":2,"featured_media":16419,"comment_status":"closed","ping_status":"closed","sticky":false,"template":"","format":"standard","meta":{"om_disable_all_campaigns":false,"_monsterinsights_skip_tracking":false,"_monsterinsights_sitenote_active":false,"_monsterinsights_sitenote_note":"","_monsterinsights_sitenote_category":0,"_uf_show_specific_survey":0,"_uf_disable_surveys":false,"footnotes":""},"categories":[1],"tags":[],"class_list":["post-16418","post","type-post","status-publish","format-standard","has-post-thumbnail","hentry","category-non-classe"],"_links":{"self":[{"href":"https:\/\/elcafedepipa.com\/index.php\/wp-json\/wp\/v2\/posts\/16418","targetHints":{"allow":["GET"]}}],"collection":[{"href":"https:\/\/elcafedepipa.com\/index.php\/wp-json\/wp\/v2\/posts"}],"about":[{"href":"https:\/\/elcafedepipa.com\/index.php\/wp-json\/wp\/v2\/types\/post"}],"author":[{"embeddable":true,"href":"https:\/\/elcafedepipa.com\/index.php\/wp-json\/wp\/v2\/users\/2"}],"replies":[{"embeddable":true,"href":"https:\/\/elcafedepipa.com\/index.php\/wp-json\/wp\/v2\/comments?post=16418"}],"version-history":[{"count":2,"href":"https:\/\/elcafedepipa.com\/index.php\/wp-json\/wp\/v2\/posts\/16418\/revisions"}],"predecessor-version":[{"id":16422,"href":"https:\/\/elcafedepipa.com\/index.php\/wp-json\/wp\/v2\/posts\/16418\/revisions\/16422"}],"wp:featuredmedia":[{"embeddable":true,"href":"https:\/\/elcafedepipa.com\/index.php\/wp-json\/wp\/v2\/media\/16419"}],"wp:attachment":[{"href":"https:\/\/elcafedepipa.com\/index.php\/wp-json\/wp\/v2\/media?parent=16418"}],"wp:term":[{"taxonomy":"category","embeddable":true,"href":"https:\/\/elcafedepipa.com\/index.php\/wp-json\/wp\/v2\/categories?post=16418"},{"taxonomy":"post_tag","embeddable":true,"href":"https:\/\/elcafedepipa.com\/index.php\/wp-json\/wp\/v2\/tags?post=16418"}],"curies":[{"name":"wp","href":"https:\/\/api.w.org\/{rel}","templated":true}]}}