{"id":16415,"date":"2025-08-19T18:32:40","date_gmt":"2025-08-19T16:32:40","guid":{"rendered":"https:\/\/elcafedepipa.com\/?p=16415"},"modified":"2025-08-19T18:32:41","modified_gmt":"2025-08-19T16:32:41","slug":"la-unio-denuncia-labando-de-mes-de-6-000-hectarees-dolivar-en-la-comunitat-valenciana-en-els-ultims-cinc-anys","status":"publish","type":"post","link":"https:\/\/elcafedepipa.com\/index.php\/2025\/08\/19\/la-unio-denuncia-labando-de-mes-de-6-000-hectarees-dolivar-en-la-comunitat-valenciana-en-els-ultims-cinc-anys\/","title":{"rendered":"LA UNI\u00d3 denuncia l&#8217;aband\u00f3 de m\u00e9s de 6.000 hect\u00e0rees d&#8217;olivar en la Comunitat Valenciana en els \u00faltims cinc anys"},"content":{"rendered":"\n<p><strong>L&#8217;organitzaci\u00f3 proposa una reforma estructural de les ajudes de la PAC per a fer-les realment \u00fatils per a l&#8217;olivar valenci\u00e0<\/strong><\/p>\n\n\n\n<p>La Uni\u00f3 Llauradora denuncia l&#8217;aband\u00f3 progressiu de la superf\u00edcie de cultiu d&#8217;olivar en la Comunitat Valenciana durant els \u00faltims anys amb un total de 16.455 hect\u00e0rees abandonades, de les quals 6.322 d&#8217;elles s\u00f3n en el transcurs dels \u00faltims cinc anys.<\/p>\n\n\n\n<p>A pesar de que la superf\u00edcie d&#8217;olivar en la Comunitat Valenciana es mant\u00e9 estable segons les dades oficials, la realitat productiva evid\u00e8ncia per a l&#8217;organitzaci\u00f3 un aband\u00f3 estructural creixent a conseq\u00fc\u00e8ncia de la baixa rendibilitat i la falta de suport adaptat al model mediterrani de cultiu.<\/p>\n\n\n\n<p>Segons l&#8217;enquesta de superf\u00edcies i rendiments de cultius del Ministeri d&#8217;Agricultura per a l&#8217;any 2024, la superf\u00edcie total d&#8217;olivar en la Comunitat Valenciana \u00e9s de 94.782 hect\u00e0rees, una xifra pr\u00e0cticament id\u00e8ntica a la de fa deu anys (+0,28% respecte a 2015). No obstant aix\u00f2, aquesta dada amaga una altra realitat i \u00e9s la que d&#8217;eixe total hi ha 16.455 hect\u00e0rees abandonades.<\/p>\n\n\n\n<p>\u201cEstem davant un aband\u00f3 silenci\u00f3s. La superf\u00edcie es mant\u00e9, per\u00f2 cada any m\u00e9s hect\u00e0rees deixen de produir, i aix\u00f2 posa en risc el nostre paisatge, el nostre entorn rural i la nostra sobirania aliment\u00e0ria\u201d, ha assenyalat Enric Sim\u00f3, responsable de la sectorial de l&#8217;oli de LA UNI\u00d3.<\/p>\n\n\n\n<p>Aquest aband\u00f3 es concentra especialment en les zones de sec\u00e0, on la falta de rendibilitat i la dificultat d&#8217;acc\u00e9s a ajudes europees adequades a les condicions agroclim\u00e0tiques valencianes fan inviable la continu\u00eftat de moltes explotacions.<\/p>\n\n\n\n<p>Un altre factor que confirma aquesta tend\u00e8ncia \u00e9s l&#8217;escassa implantaci\u00f3 de pr\u00e0ctiques agroambientals que donen acc\u00e9s a ajudes de la PAC. Nom\u00e9s el 14,97% de la superf\u00edcie d&#8217;olivar disposa de cobertes vegetals \u2013espont\u00e0nies o sembrades\u2013, requisit per a accedir a mesures com el P6 o el P7 que donen acc\u00e9s a cobrar per aquesta pr\u00e0ctica.<\/p>\n\n\n\n<p>Des de LA UNI\u00d3 es proposa una reforma estructural de les ajudes de la PAC per a fer-les realment \u00fatils per a l&#8217;olivar valenci\u00e0. En aquest sentit, demana una adaptaci\u00f3 de les ajudes a les condicions del cultiu mediterrani i de sec\u00e0, un reconeixement del valor ecosist\u00e8mic i territorial de l&#8217;olivar tradicional, aix\u00ed com la creaci\u00f3 d&#8217;una l\u00ednia espec\u00edfica d&#8217;ajuda de la Conselleria d&#8217;Agricultura per al manteniment i recuperaci\u00f3 d&#8217;olivars abandonats.<\/p>\n\n\n\n<p>\u201cEl sector necessita pol\u00edtiques que entenguen la seua realitat. No podem aplicar un model homogeni pensat per a grans finques de regadiu quan nostre paisatge agr\u00edcola est\u00e0 format majorit\u00e0riament per explotacions xicotetes, amb cultius tradicionals i una funci\u00f3 social i ambiental clau\u201d, conclou Enric Sim\u00f3.<\/p>\n","protected":false},"excerpt":{"rendered":"<p>L&#8217;organitzaci\u00f3 proposa una reforma estructural de les ajudes de la PAC per a fer-les realment \u00fatils per a l&#8217;olivar valenci\u00e0 La Uni\u00f3 Llauradora denuncia l&#8217;aband\u00f3 progressiu de la superf\u00edcie de cultiu d&#8217;olivar en la Comunitat Valenciana durant els \u00faltims anys amb un total de 16.455 hect\u00e0rees abandonades, de les quals 6.322 d&#8217;elles s\u00f3n en el &#8230; <a title=\"LA UNI\u00d3 denuncia l&#8217;aband\u00f3 de m\u00e9s de 6.000 hect\u00e0rees d&#8217;olivar en la Comunitat Valenciana en els \u00faltims cinc anys\" class=\"read-more\" href=\"https:\/\/elcafedepipa.com\/index.php\/2025\/08\/19\/la-unio-denuncia-labando-de-mes-de-6-000-hectarees-dolivar-en-la-comunitat-valenciana-en-els-ultims-cinc-anys\/\" aria-label=\"M\u00e9s informaci\u00f3 sobre LA UNI\u00d3 denuncia l&#8217;aband\u00f3 de m\u00e9s de 6.000 hect\u00e0rees d&#8217;olivar en la Comunitat Valenciana en els \u00faltims cinc anys\">Read more<\/a><\/p>\n","protected":false},"author":2,"featured_media":16416,"comment_status":"closed","ping_status":"closed","sticky":false,"template":"","format":"standard","meta":{"om_disable_all_campaigns":false,"_monsterinsights_skip_tracking":false,"_monsterinsights_sitenote_active":false,"_monsterinsights_sitenote_note":"","_monsterinsights_sitenote_category":0,"_uf_show_specific_survey":0,"_uf_disable_surveys":false,"footnotes":""},"categories":[1],"tags":[],"class_list":["post-16415","post","type-post","status-publish","format-standard","has-post-thumbnail","hentry","category-non-classe"],"_links":{"self":[{"href":"https:\/\/elcafedepipa.com\/index.php\/wp-json\/wp\/v2\/posts\/16415","targetHints":{"allow":["GET"]}}],"collection":[{"href":"https:\/\/elcafedepipa.com\/index.php\/wp-json\/wp\/v2\/posts"}],"about":[{"href":"https:\/\/elcafedepipa.com\/index.php\/wp-json\/wp\/v2\/types\/post"}],"author":[{"embeddable":true,"href":"https:\/\/elcafedepipa.com\/index.php\/wp-json\/wp\/v2\/users\/2"}],"replies":[{"embeddable":true,"href":"https:\/\/elcafedepipa.com\/index.php\/wp-json\/wp\/v2\/comments?post=16415"}],"version-history":[{"count":1,"href":"https:\/\/elcafedepipa.com\/index.php\/wp-json\/wp\/v2\/posts\/16415\/revisions"}],"predecessor-version":[{"id":16417,"href":"https:\/\/elcafedepipa.com\/index.php\/wp-json\/wp\/v2\/posts\/16415\/revisions\/16417"}],"wp:featuredmedia":[{"embeddable":true,"href":"https:\/\/elcafedepipa.com\/index.php\/wp-json\/wp\/v2\/media\/16416"}],"wp:attachment":[{"href":"https:\/\/elcafedepipa.com\/index.php\/wp-json\/wp\/v2\/media?parent=16415"}],"wp:term":[{"taxonomy":"category","embeddable":true,"href":"https:\/\/elcafedepipa.com\/index.php\/wp-json\/wp\/v2\/categories?post=16415"},{"taxonomy":"post_tag","embeddable":true,"href":"https:\/\/elcafedepipa.com\/index.php\/wp-json\/wp\/v2\/tags?post=16415"}],"curies":[{"name":"wp","href":"https:\/\/api.w.org\/{rel}","templated":true}]}}