{"id":16412,"date":"2025-08-19T18:29:38","date_gmt":"2025-08-19T16:29:38","guid":{"rendered":"https:\/\/elcafedepipa.com\/?p=16412"},"modified":"2025-08-19T18:29:39","modified_gmt":"2025-08-19T16:29:39","slug":"moncofa-dinamitza-el-final-dagost-amb-cinema-teatre-i-musica-al-festival-moncofa-al-carrer","status":"publish","type":"post","link":"https:\/\/elcafedepipa.com\/index.php\/2025\/08\/19\/moncofa-dinamitza-el-final-dagost-amb-cinema-teatre-i-musica-al-festival-moncofa-al-carrer\/","title":{"rendered":"Moncofa dinamitza el final d&#8217;agost amb cinema, teatre i m\u00fasica al festival &#8216;Moncofa al Carrer&#8217;"},"content":{"rendered":"\n<p>Del 24 al 30 d&#8217;agost, els actes esc\u00e8nics, musicals i cinematogr\u00e0fics conqueriran el carrer a Moncofa. El festival cultural ideat per l&#8217;Ajuntament se celebrar\u00e0 a diferents espais del passeig mar\u00edtim local, a la vora del Mediterrani en un espai clau en les dates estiuenques i tur\u00edstiques on es troba el municipi de la Plana Baixa.<\/p>\n\n\n\n<p>En aquest context, el MAC (Moncofa al carrer) del 2025 d\u00f3na oportunitat de gaudir de les dates finals d&#8217;agost amb actuacions gratu\u00eftes cada nit. &#8220;La intenci\u00f3 \u00e9s dinamitzar les dates finals d&#8217;agost i oferir cultura de qualitat i propera tant als nostres ve\u00efns i ve\u00efnes com als milers de visitants que gaudeixen de les nostres excel\u00b7lents platges i ofertes culturals&#8221;, ha valorat Ilenia Begnozzi, regidora de Cultura de l&#8217;Ajuntament de Moncofa.<\/p>\n\n\n\n<p>Per organitzar el festival, el consistori es recolza en el teixit associatiu de la localitat. &#8220;Comptem amb el suport i la decidida col\u00b7laboraci\u00f3 i implicaci\u00f3 de moltes associacions al llarg de l&#8217;any per llan\u00e7ar i organitzar l&#8217;agenda cultural i festiva. En aquest cas, les associacions han impulsat les actuacions i les representacions i gr\u00e0cies a elles som capaces de crear un programa cultural anual tan ric i complementat&#8221;, ha explicat Begnozzi.<\/p>\n\n\n\n<p>Diumenge 24 iniciar\u00e0 l&#8217;agenda amb el concert de flamenc &#8216;D&#8217;anada i tornada&#8217; a les 23h a la pla\u00e7a Na Violant d&#8217;Hongria, organitzat per l&#8217;associaci\u00f3 local ACYAM. Manuel Serena i Manuela Assun\u00e7ao al ball; Joel Obrer al toc; i i Pilar Pacheco i Mar\u00eda Jos\u00e9 Jim\u00e9nez al cant seran les protagonistes de la primera nit moncofina del MAC 2025.<\/p>\n\n\n\n<p>Despr\u00e9s d&#8217;aquesta primera actuaci\u00f3, la setmana sencera ser\u00e0 teatral: la companyia Yera Teatro far\u00e0 dilluns l&#8217;actuaci\u00f3 itinerant &#8216;Lumen&#8217; a les 20.30h amb inici a l&#8217;avinguda Mare Nostrum. Dimarts continuar\u00e0 la companyia La Finestra Nou Circ, que representar\u00e0 l&#8217;obra &#8216;Pilots&#8217; a les 20h des de la via Mare Nostrum.<\/p>\n\n\n\n<p>Dimecres i dijous canvia l&#8217;escenari i es trasllada a la pista de patinatge municipal. La companyia Roxi Katcheroff i la pe\u00e7a &#8216;Malabarian on the Rox&#8217; a les 20h seran el plat de dimecres, mentre que dijous ser\u00e0 el torn de la companyia La Troupe Malab\u00f3 amb &#8216;Circ &amp; Bach&#8217; a les 20h. Finalment, divendres, la companyia Circ Vermut oferir\u00e0 la funci\u00f3 &#8216;La Paradeta&#8217; a les 20h a la pla\u00e7a Na Violant d&#8217;Hongria.<\/p>\n\n\n\n<p>El cinema tamb\u00e9 t\u00e9 el seu espai a l&#8217;agenda a la pla\u00e7a Na Violant d&#8217;Hongria. Dimecres es passar\u00e0 la cinta &#8216;Matilda&#8217; a les 22.15, mentre que dijous ser\u00e0 el film &#8216;Bob Marley: One love&#8217; a les 22.15h.<\/p>\n\n\n\n<p>El colof\u00f3 final ser\u00e0 completament musical i amb molta import\u00e0ncia al talent local. La SUM Moncofa juntament amb Fat Bottomed Boys oferiran un concert tribut al m\u00edtic grup brit\u00e0nic Queen. El concert se celebrar\u00e0 a la pla\u00e7a Na Violant d&#8217;Hongria el dissabte 30 a les 23h. M\u00fasica que forma part de la banda sonora de les darreres d\u00e8cades des d&#8217;un punt de vista trencador.<\/p>\n\n\n\n<p><\/p>\n","protected":false},"excerpt":{"rendered":"<p>Del 24 al 30 d&#8217;agost, els actes esc\u00e8nics, musicals i cinematogr\u00e0fics conqueriran el carrer a Moncofa. El festival cultural ideat per l&#8217;Ajuntament se celebrar\u00e0 a diferents espais del passeig mar\u00edtim local, a la vora del Mediterrani en un espai clau en les dates estiuenques i tur\u00edstiques on es troba el municipi de la Plana Baixa. &#8230; <a title=\"Moncofa dinamitza el final d&#8217;agost amb cinema, teatre i m\u00fasica al festival &#8216;Moncofa al Carrer&#8217;\" class=\"read-more\" href=\"https:\/\/elcafedepipa.com\/index.php\/2025\/08\/19\/moncofa-dinamitza-el-final-dagost-amb-cinema-teatre-i-musica-al-festival-moncofa-al-carrer\/\" aria-label=\"M\u00e9s informaci\u00f3 sobre Moncofa dinamitza el final d&#8217;agost amb cinema, teatre i m\u00fasica al festival &#8216;Moncofa al Carrer&#8217;\">Read more<\/a><\/p>\n","protected":false},"author":2,"featured_media":16413,"comment_status":"closed","ping_status":"closed","sticky":false,"template":"","format":"standard","meta":{"om_disable_all_campaigns":false,"_monsterinsights_skip_tracking":false,"_monsterinsights_sitenote_active":false,"_monsterinsights_sitenote_note":"","_monsterinsights_sitenote_category":0,"_uf_show_specific_survey":0,"_uf_disable_surveys":false,"footnotes":""},"categories":[4],"tags":[],"class_list":["post-16412","post","type-post","status-publish","format-standard","has-post-thumbnail","hentry","category-moncofa"],"_links":{"self":[{"href":"https:\/\/elcafedepipa.com\/index.php\/wp-json\/wp\/v2\/posts\/16412","targetHints":{"allow":["GET"]}}],"collection":[{"href":"https:\/\/elcafedepipa.com\/index.php\/wp-json\/wp\/v2\/posts"}],"about":[{"href":"https:\/\/elcafedepipa.com\/index.php\/wp-json\/wp\/v2\/types\/post"}],"author":[{"embeddable":true,"href":"https:\/\/elcafedepipa.com\/index.php\/wp-json\/wp\/v2\/users\/2"}],"replies":[{"embeddable":true,"href":"https:\/\/elcafedepipa.com\/index.php\/wp-json\/wp\/v2\/comments?post=16412"}],"version-history":[{"count":1,"href":"https:\/\/elcafedepipa.com\/index.php\/wp-json\/wp\/v2\/posts\/16412\/revisions"}],"predecessor-version":[{"id":16414,"href":"https:\/\/elcafedepipa.com\/index.php\/wp-json\/wp\/v2\/posts\/16412\/revisions\/16414"}],"wp:featuredmedia":[{"embeddable":true,"href":"https:\/\/elcafedepipa.com\/index.php\/wp-json\/wp\/v2\/media\/16413"}],"wp:attachment":[{"href":"https:\/\/elcafedepipa.com\/index.php\/wp-json\/wp\/v2\/media?parent=16412"}],"wp:term":[{"taxonomy":"category","embeddable":true,"href":"https:\/\/elcafedepipa.com\/index.php\/wp-json\/wp\/v2\/categories?post=16412"},{"taxonomy":"post_tag","embeddable":true,"href":"https:\/\/elcafedepipa.com\/index.php\/wp-json\/wp\/v2\/tags?post=16412"}],"curies":[{"name":"wp","href":"https:\/\/api.w.org\/{rel}","templated":true}]}}